{"id":7928,"date":"2019-11-05T19:16:10","date_gmt":"2019-11-05T19:16:10","guid":{"rendered":"https:\/\/www.radiopresidenteibanez.cl\/web\/?p=7928"},"modified":"2019-11-05T19:16:13","modified_gmt":"2019-11-05T19:16:13","slug":"gobierno-se-querellara-contra-las-cinco-personas-sorprendidas-rayando-el-edificio-patrimonial-de-la-intendencia-regional","status":"publish","type":"post","link":"https:\/\/www.radiopresidenteibanez.cl\/web\/gobierno-se-querellara-contra-las-cinco-personas-sorprendidas-rayando-el-edificio-patrimonial-de-la-intendencia-regional\/","title":{"rendered":"GOBIERNO SE QUERELLAR\u00c1 CONTRA LAS CINCO PERSONAS SORPRENDIDAS RAYANDO EL EDIFICIO PATRIMONIAL DE LA INTENDENCIA REGIONAL"},"content":{"rendered":"\n<p>El Intendente Jos\u00e9 Fern\u00e1ndez D\u00fcbrock,\njunto con el Jefe de la XII Zona de Carabineros, General Roberto Machuca Rojas,\ndieron a conocer el respectivo balance en torno a las manifestaciones y\ndes\u00f3rdenes p\u00fablicos que se evidenciaron durante la tarde del lunes 4 de\nnoviembre, principalmente en la zona c\u00e9ntrica de la ciudad de Punta Arenas.<\/p>\n\n\n\n<p>Como ha sido la t\u00f3nica de estas\n\u00faltimas semanas, la m\u00e1xima autoridad regional destac\u00f3 el leg\u00edtimo derecho que\ntiene la comunidad a expresar sus demandas de manera pac\u00edfica, tal como se vio\ndurante gran parte de la jornada de ayer, con una masiva concurrencia de personas.\nNo obstante, rechaz\u00f3 categ\u00f3ricamente los actos vand\u00e1licos que se suscitaron posterior\na la marcha que recorri\u00f3 las calles de la ciudad y que ocasionaron un grave\nperjuicio a edificios patrimoniales y a un monumento que se sit\u00faa en la Plaza\nde Armas Benjam\u00edn Mu\u00f1oz Gamero.<\/p>\n\n\n\n<p>\u201cEste tipo de conductas solamente\ntiende a empa\u00f1ar las demandas que est\u00e1 manifestando la comunidad en general, y\nnuevamente nos encontramos hablando de vandalismo en vez de referirnos al\ntrabajo que se est\u00e1 llevando adelante para responder a las peticiones de la\nciudadan\u00eda\u201d, indic\u00f3.<\/p>\n\n\n\n<p><strong>Querella<\/strong><\/p>\n\n\n\n<p>Debido a lo anterior, el\nIntendente Fern\u00e1ndez present\u00f3 la noche del lunes una denuncia ante Carabineros en\ntorno a los da\u00f1os causados por los rayados que estamparon cinco personas \u2013que\nfueron detenidas y formalizadas- en el frontis del edificio gubernamental,\nanunciando adem\u00e1s que en los pr\u00f3ximos d\u00edas el equipo jur\u00eddico de la Intendencia\ninterpondr\u00e1 ante el Juzgado de Garant\u00eda de Punta Arenas una querella criminal\nen contra de dichos imputados y de quienes tambi\u00e9n resulten responsables en los\ndistintos episodios de vandalismo y delincuencia que han opacado las\nmanifestaciones pac\u00edficas desde el s\u00e1bado 19 de octubre.<\/p>\n\n\n\n<p><strong>Protestas en la Intendencia<\/strong><\/p>\n\n\n\n<p>Tras el punto de prensa\nconvocado, un grupo de funcionarios p\u00fablicos ingres\u00f3 a la Intendencia Regional\npor el acceso principal, quienes con banderas, silbatos y consignas se\nexpresaron en las dependencias del edificio de gobierno, para finalmente retirarse\ntranquilamente del lugar.<\/p>\n\n\n\n<p>Cabe resaltar que los\nmanifestantes actuaron en todo momento de forma pac\u00edfica y en ning\u00fan momento se\ntomaron el inmueble, ya que les fue permitido el ingreso y la permanencia en\nlas dependencias para que pudieran vociferar sus consignas.<\/p>\n\n\n\n<p>\u201cLo \u00fanico lamentable es que\ningresan al edificio de la Intendencia, vienen a manifestarse, pero no hay\nentrega de alg\u00fan documento. Mientras entren y lo hagan con respeto no hay\nproblema. Como Gobierno Regional los hemos invitado a los di\u00e1logos sociales y\nellos se han restado de eso, por lo tanto creo que tampoco es la l\u00ednea de\ntrabajo que debemos llevar\u201d, puntualiz\u00f3 la m\u00e1xima autoridad de Magallanes.<\/p>\n","protected":false},"excerpt":{"rendered":"<p>El Intendente Jos\u00e9 Fern\u00e1ndez D\u00fcbrock, junto con el Jefe de la XII Zona de Carabineros, General Roberto Machuca Rojas, dieron a conocer el respectivo balance en torno a las manifestaciones&#8230; <a class=\"read-more\" href=\"https:\/\/www.radiopresidenteibanez.cl\/web\/gobierno-se-querellara-contra-las-cinco-personas-sorprendidas-rayando-el-edificio-patrimonial-de-la-intendencia-regional\/\">Leer m\u00e1s<\/a><\/p>\n","protected":false},"author":2,"featured_media":7929,"comment_status":"closed","ping_status":"closed","sticky":false,"template":"","format":"standard","meta":{"footnotes":""},"categories":[1],"tags":[],"class_list":["post-7928","post","type-post","status-publish","format-standard","has-post-thumbnail","hentry","category-cronica"],"_links":{"self":[{"href":"https:\/\/www.radiopresidenteibanez.cl\/web\/wp-json\/wp\/v2\/posts\/7928","targetHints":{"allow":["GET"]}}],"collection":[{"href":"https:\/\/www.radiopresidenteibanez.cl\/web\/wp-json\/wp\/v2\/posts"}],"about":[{"href":"https:\/\/www.radiopresidenteibanez.cl\/web\/wp-json\/wp\/v2\/types\/post"}],"author":[{"embeddable":true,"href":"https:\/\/www.radiopresidenteibanez.cl\/web\/wp-json\/wp\/v2\/users\/2"}],"replies":[{"embeddable":true,"href":"https:\/\/www.radiopresidenteibanez.cl\/web\/wp-json\/wp\/v2\/comments?post=7928"}],"version-history":[{"count":0,"href":"https:\/\/www.radiopresidenteibanez.cl\/web\/wp-json\/wp\/v2\/posts\/7928\/revisions"}],"wp:featuredmedia":[{"embeddable":true,"href":"https:\/\/www.radiopresidenteibanez.cl\/web\/wp-json\/wp\/v2\/media\/7929"}],"wp:attachment":[{"href":"https:\/\/www.radiopresidenteibanez.cl\/web\/wp-json\/wp\/v2\/media?parent=7928"}],"wp:term":[{"taxonomy":"category","embeddable":true,"href":"https:\/\/www.radiopresidenteibanez.cl\/web\/wp-json\/wp\/v2\/categories?post=7928"},{"taxonomy":"post_tag","embeddable":true,"href":"https:\/\/www.radiopresidenteibanez.cl\/web\/wp-json\/wp\/v2\/tags?post=7928"}],"curies":[{"name":"wp","href":"https:\/\/api.w.org\/{rel}","templated":true}]}}