{"id":7925,"date":"2019-11-05T14:35:12","date_gmt":"2019-11-05T14:35:12","guid":{"rendered":"https:\/\/www.radiopresidenteibanez.cl\/web\/?p=7925"},"modified":"2019-11-05T14:35:16","modified_gmt":"2019-11-05T14:35:16","slug":"las-viejas-mesas-de-trabajo-por-pablo-cruz","status":"publish","type":"post","link":"https:\/\/www.radiopresidenteibanez.cl\/web\/las-viejas-mesas-de-trabajo-por-pablo-cruz\/","title":{"rendered":"LAS VIEJAS MESAS DE TRABAJO por PABLO CRUZ"},"content":{"rendered":"\n<p>La Intendencia de Magallanes difundi\u00f3 el mi\u00e9rcoles 30\npasado, un comunicado en el que informaba que \u201cla m\u00e1xima autoridad\u201d, o sea el\nIntendente, hab\u00eda invitado a diversos representantes de la sociedad, \u201ccomo\ndirigentes sociales, sindicatos, fundaciones, asociaciones y representantes del\nmundo p\u00fablico y privado, a una jornada ciudadana\u201d, con el fin de escucharlas y\n\u201ccomenzar a reconstruir confianzas a partir del di\u00e1logo\u201d.<\/p>\n\n\n\n<p>Esta \u201cjornada ciudadana\u201d se repiti\u00f3 en todo el pa\u00eds.<\/p>\n\n\n\n<p>Nadie se acuerda qu\u00e9 pol\u00edtico, en qu\u00e9 gobierno,\ninvent\u00f3 las mesas de trabajo, pero sin duda fue un pol\u00edtico bastante pillo.<\/p>\n\n\n\n<p>Cuando un gremio o alguna organizaci\u00f3n hac\u00eda demandas\ny protestas y amenazaban con un paro, el gobierno los convocaba a una mesa de\ntrabajo. En esta mesa, se reun\u00edan los demandantes y representantes del gobierno\nde turno, que anunciaban, con orgullo, que el gobierno estaba abierto al\ndi\u00e1logo y a escuchar las demandas. Se hac\u00edan largas reuniones, durante largo\ntiempo, anunci\u00e1ndose al final que se hab\u00eda llegado a un acuerdo y que el\ngobierno iba a tomar medidas. Se terminaba la amenaza de paro y los\ntrabajadores comenzaban a esperar las medidas anunciadas. Generalmente un a\u00f1o\ndespu\u00e9s, los trabajadores denunciaban que no se hab\u00eda cumplido ning\u00fan acuerdo y\nvolv\u00edan al paro.<\/p>\n\n\n\n<p>Y es que no se daban cuenta que las mesas de trabajo\nno eran&nbsp; para dar soluciones, sino para contener\nprotestas y asegurar que el gobierno estaba abierto al di\u00e1logo.<\/p>\n\n\n\n<p>Parecidas a estas mesas de trabajo son estas jornadas\nciudadanas, en las que los Intendentes, empleados del Presidente, convocan a la\ngente, anunciando que est\u00e1n dispuestos al di\u00e1logo y a escuchar las demandas y\nas\u00ed, como decimos los chilenos, chutear el problema para adelante.<\/p>\n\n\n\n<p>Yo, que asist\u00ed a esta jornada, creo que la estrategia\nno les result\u00f3 esta vez. El funcionario que dirigi\u00f3 la reuni\u00f3n, venido del\nnorte, trat\u00f3 de imponer su esquema, dividir a los asistentes en comisiones -otro\ninvento pol\u00edtico para chutear problemas- pero la gente no acept\u00f3.<\/p>\n\n\n\n<p>La gente, que le pregunt\u00f3 a los representantes del\ngobierno si hab\u00edan escuchado lo que se gritaba en las calles, a lo que\nconfesaron que no, reiter\u00f3 las demandas para terminar con un sistema econ\u00f3mico\nque se derrumb\u00f3, basado en empobrecer a las mayor\u00edas para enriquecer a las\nminor\u00edas.<\/p>\n\n\n\n<p>Un sistema creado por la dictadura y que los gobiernos\nde la Concertaci\u00f3n, de la Nueva Mayor\u00eda y de la derecha siguen administrando,\nporque les conviene.<\/p>\n\n\n\n<p>Qued\u00f3 demostrado que los chilenos no quieren di\u00e1logos\nni mesas de trabajo sino cambios, soluciones ahora.<\/p>\n","protected":false},"excerpt":{"rendered":"<p>La Intendencia de Magallanes difundi\u00f3 el mi\u00e9rcoles 30 pasado, un comunicado en el que informaba que \u201cla m\u00e1xima autoridad\u201d, o sea el Intendente, hab\u00eda invitado a diversos representantes de la&#8230; <a class=\"read-more\" href=\"https:\/\/www.radiopresidenteibanez.cl\/web\/las-viejas-mesas-de-trabajo-por-pablo-cruz\/\">Leer m\u00e1s<\/a><\/p>\n","protected":false},"author":2,"featured_media":6141,"comment_status":"closed","ping_status":"closed","sticky":false,"template":"","format":"standard","meta":{"footnotes":""},"categories":[1],"tags":[],"class_list":["post-7925","post","type-post","status-publish","format-standard","has-post-thumbnail","hentry","category-cronica"],"_links":{"self":[{"href":"https:\/\/www.radiopresidenteibanez.cl\/web\/wp-json\/wp\/v2\/posts\/7925","targetHints":{"allow":["GET"]}}],"collection":[{"href":"https:\/\/www.radiopresidenteibanez.cl\/web\/wp-json\/wp\/v2\/posts"}],"about":[{"href":"https:\/\/www.radiopresidenteibanez.cl\/web\/wp-json\/wp\/v2\/types\/post"}],"author":[{"embeddable":true,"href":"https:\/\/www.radiopresidenteibanez.cl\/web\/wp-json\/wp\/v2\/users\/2"}],"replies":[{"embeddable":true,"href":"https:\/\/www.radiopresidenteibanez.cl\/web\/wp-json\/wp\/v2\/comments?post=7925"}],"version-history":[{"count":0,"href":"https:\/\/www.radiopresidenteibanez.cl\/web\/wp-json\/wp\/v2\/posts\/7925\/revisions"}],"wp:featuredmedia":[{"embeddable":true,"href":"https:\/\/www.radiopresidenteibanez.cl\/web\/wp-json\/wp\/v2\/media\/6141"}],"wp:attachment":[{"href":"https:\/\/www.radiopresidenteibanez.cl\/web\/wp-json\/wp\/v2\/media?parent=7925"}],"wp:term":[{"taxonomy":"category","embeddable":true,"href":"https:\/\/www.radiopresidenteibanez.cl\/web\/wp-json\/wp\/v2\/categories?post=7925"},{"taxonomy":"post_tag","embeddable":true,"href":"https:\/\/www.radiopresidenteibanez.cl\/web\/wp-json\/wp\/v2\/tags?post=7925"}],"curies":[{"name":"wp","href":"https:\/\/api.w.org\/{rel}","templated":true}]}}