{"id":7921,"date":"2019-11-04T23:27:39","date_gmt":"2019-11-04T23:27:39","guid":{"rendered":"https:\/\/www.radiopresidenteibanez.cl\/web\/?p=7921"},"modified":"2019-11-04T23:27:43","modified_gmt":"2019-11-04T23:27:43","slug":"tras-reunion-con-autoridades-colegio-de-profesores-levanto-paralizacion-y-este-martes-vuelven-las-clases-en-horario-reducido","status":"publish","type":"post","link":"https:\/\/www.radiopresidenteibanez.cl\/web\/tras-reunion-con-autoridades-colegio-de-profesores-levanto-paralizacion-y-este-martes-vuelven-las-clases-en-horario-reducido\/","title":{"rendered":"TRAS REUNI\u00d3N CON AUTORIDADES COLEGIO DE PROFESORES LEVANTO PARALIZACI\u00d3N Y ESTE MARTES VUELVEN LAS CLASES EN HORARIO REDUCIDO"},"content":{"rendered":"\n<p>En horas de la ma\u00f1ana de este lunes 4 de noviembre, se realiz\u00f3\nuna reuni\u00f3n entre la seremi de educaci\u00f3n, Beatriz S\u00e1nchez Ca\u00f1ete, y directivos\nde la Corporaci\u00f3n Municipal de Punta Arenas, junto al Colegio de Profesores.<\/p>\n\n\n\n<p>Luego de esta reuni\u00f3n se pactaron los distintos acuerdos y\nlos docentes levantaron la paralizaci\u00f3n que arrastraban hace algunos d\u00edas, en\nla ocasi\u00f3n manifestaron que las clases solo ser\u00e1n de 08:00 a 13:00 horas y que\npor la tarde las y los profesores realizar\u00e1n jornadas de reflexi\u00f3n, por lo\nmenos hasta el t\u00e9rmino de esta semana.<\/p>\n\n\n\n<p>&nbsp;A lo anterior se suma\nque los docentes organizar\u00e1n distintos cabildos para tratar temas de contingencia\nregional y por sobre todo en el \u00e1rea de la educaci\u00f3n.<\/p>\n","protected":false},"excerpt":{"rendered":"<p>En horas de la ma\u00f1ana de este lunes 4 de noviembre, se realiz\u00f3 una reuni\u00f3n entre la seremi de educaci\u00f3n, Beatriz S\u00e1nchez Ca\u00f1ete, y directivos de la Corporaci\u00f3n Municipal de&#8230; <a class=\"read-more\" href=\"https:\/\/www.radiopresidenteibanez.cl\/web\/tras-reunion-con-autoridades-colegio-de-profesores-levanto-paralizacion-y-este-martes-vuelven-las-clases-en-horario-reducido\/\">Leer m\u00e1s<\/a><\/p>\n","protected":false},"author":2,"featured_media":7737,"comment_status":"closed","ping_status":"closed","sticky":false,"template":"","format":"standard","meta":{"footnotes":""},"categories":[1],"tags":[],"class_list":["post-7921","post","type-post","status-publish","format-standard","has-post-thumbnail","hentry","category-cronica"],"_links":{"self":[{"href":"https:\/\/www.radiopresidenteibanez.cl\/web\/wp-json\/wp\/v2\/posts\/7921","targetHints":{"allow":["GET"]}}],"collection":[{"href":"https:\/\/www.radiopresidenteibanez.cl\/web\/wp-json\/wp\/v2\/posts"}],"about":[{"href":"https:\/\/www.radiopresidenteibanez.cl\/web\/wp-json\/wp\/v2\/types\/post"}],"author":[{"embeddable":true,"href":"https:\/\/www.radiopresidenteibanez.cl\/web\/wp-json\/wp\/v2\/users\/2"}],"replies":[{"embeddable":true,"href":"https:\/\/www.radiopresidenteibanez.cl\/web\/wp-json\/wp\/v2\/comments?post=7921"}],"version-history":[{"count":0,"href":"https:\/\/www.radiopresidenteibanez.cl\/web\/wp-json\/wp\/v2\/posts\/7921\/revisions"}],"wp:featuredmedia":[{"embeddable":true,"href":"https:\/\/www.radiopresidenteibanez.cl\/web\/wp-json\/wp\/v2\/media\/7737"}],"wp:attachment":[{"href":"https:\/\/www.radiopresidenteibanez.cl\/web\/wp-json\/wp\/v2\/media?parent=7921"}],"wp:term":[{"taxonomy":"category","embeddable":true,"href":"https:\/\/www.radiopresidenteibanez.cl\/web\/wp-json\/wp\/v2\/categories?post=7921"},{"taxonomy":"post_tag","embeddable":true,"href":"https:\/\/www.radiopresidenteibanez.cl\/web\/wp-json\/wp\/v2\/tags?post=7921"}],"curies":[{"name":"wp","href":"https:\/\/api.w.org\/{rel}","templated":true}]}}