{"id":7893,"date":"2019-11-03T17:00:34","date_gmt":"2019-11-03T17:00:34","guid":{"rendered":"https:\/\/www.radiopresidenteibanez.cl\/web\/?p=7893"},"modified":"2019-11-03T17:00:39","modified_gmt":"2019-11-03T17:00:39","slug":"alcalde-fernando-paredes-se-reune-con-diversas-agrupaciones-sociales-de-puerto-natales","status":"publish","type":"post","link":"https:\/\/www.radiopresidenteibanez.cl\/web\/alcalde-fernando-paredes-se-reune-con-diversas-agrupaciones-sociales-de-puerto-natales\/","title":{"rendered":"ALCALDE FERNANDO PAREDES SE RE\u00daNE CON DIVERSAS AGRUPACIONES SOCIALES DE PUERTO NATALES"},"content":{"rendered":"\n<p>Durante toda la semana y antes de\nrealizar el di\u00e1logo ciudadano comunal, el alcalde de la comuna junto a su\nequipo de trabajo municipal, se reuni\u00f3 con las principales agrupaciones de la\nciudad para conocer de primera fuente c\u00f3mo estas instituciones ven la situaci\u00f3n\nque est\u00e1 enfrentando el pa\u00eds y su mirada para Puerto Natales.<\/p>\n\n\n\n<p>Cada encuentro tuvo como objetivo\nconocer el sentir de cada una de estas instituciones comunales y saber\ndetalladamente los requerimientos que ellos tienen a nivel local. Entre las\norganizaciones invitadas a los conversatorios internos,&nbsp; asistieron representantes de agrupaciones de\ndiscapacidad, agrupaciones docentes, asistentes de la educaci\u00f3n y los\npresidentes de los centros de alumnos de todos los colegios de Puerto Natales.<\/p>\n\n\n\n<p>La m\u00e1xima autoridad comunal,\ndestac\u00f3 que la situaci\u00f3n que afecta al pa\u00eds tiene una repercusi\u00f3n directa en\ncada uno de los habitantes. \u00abLas pensiones, sueldos bajos, la salud y alza\nde las cuentas, claramente repercuten en nuestros adultos mayores, j\u00f3venes y en\ncada uno de nuestros vecinos. Es por esto que realizamos diversas reuniones con\nlas personas que representan a estas agrupaciones para entender a qu\u00e9 debemos\ndar prioridad como municipio para poder dirigir y canalizar las respuestas\nmediante los organismos del estado\u00bb.<\/p>\n\n\n\n<p>Asimismo, Fernando Paredes\nMansilla, se\u00f1al\u00f3 que esta es una oportunidad para generar una nueva forma de\nhacer las cosas en Puerto Natales, la regi\u00f3n y el pa\u00eds, subrayando que como\nmunicipalidad aumentar\u00e1n la cantidad de reuniones con las organizaciones\ncomunitarias con el fin de poder seguir acerc\u00e1ndose a la comunidad y saber de\nprimera mano lo que necesitan los vecinos.<\/p>\n\n\n\n<p>Una de las agrupaciones m\u00e1s\nactivas en el di\u00e1logo con el municipio, fueron los alumnos y docentes de los\ncolegios de la comuna, manifestando su preocupaci\u00f3n por la situaci\u00f3n de la\neducaci\u00f3n en el norte del pa\u00eds, agregando que es necesario seguir generando\ninstancias de comunicaci\u00f3n con la municipalidad.<\/p>\n\n\n\n<p>Estas reuniones se suman al\ndi\u00e1logo ciudadano realizado en la semana y potencia la informaci\u00f3n recabada en\nel primer conversatorio ciudadano, desarrollando de forma m\u00e1s \u00edntegra la\nsiguiente asamblea participativa comunal. <\/p>\n","protected":false},"excerpt":{"rendered":"<p>Durante toda la semana y antes de realizar el di\u00e1logo ciudadano comunal, el alcalde de la comuna junto a su equipo de trabajo municipal, se reuni\u00f3 con las principales agrupaciones&#8230; <a class=\"read-more\" href=\"https:\/\/www.radiopresidenteibanez.cl\/web\/alcalde-fernando-paredes-se-reune-con-diversas-agrupaciones-sociales-de-puerto-natales\/\">Leer m\u00e1s<\/a><\/p>\n","protected":false},"author":2,"featured_media":7894,"comment_status":"closed","ping_status":"closed","sticky":false,"template":"","format":"standard","meta":{"footnotes":""},"categories":[1],"tags":[],"class_list":["post-7893","post","type-post","status-publish","format-standard","has-post-thumbnail","hentry","category-cronica"],"_links":{"self":[{"href":"https:\/\/www.radiopresidenteibanez.cl\/web\/wp-json\/wp\/v2\/posts\/7893","targetHints":{"allow":["GET"]}}],"collection":[{"href":"https:\/\/www.radiopresidenteibanez.cl\/web\/wp-json\/wp\/v2\/posts"}],"about":[{"href":"https:\/\/www.radiopresidenteibanez.cl\/web\/wp-json\/wp\/v2\/types\/post"}],"author":[{"embeddable":true,"href":"https:\/\/www.radiopresidenteibanez.cl\/web\/wp-json\/wp\/v2\/users\/2"}],"replies":[{"embeddable":true,"href":"https:\/\/www.radiopresidenteibanez.cl\/web\/wp-json\/wp\/v2\/comments?post=7893"}],"version-history":[{"count":0,"href":"https:\/\/www.radiopresidenteibanez.cl\/web\/wp-json\/wp\/v2\/posts\/7893\/revisions"}],"wp:featuredmedia":[{"embeddable":true,"href":"https:\/\/www.radiopresidenteibanez.cl\/web\/wp-json\/wp\/v2\/media\/7894"}],"wp:attachment":[{"href":"https:\/\/www.radiopresidenteibanez.cl\/web\/wp-json\/wp\/v2\/media?parent=7893"}],"wp:term":[{"taxonomy":"category","embeddable":true,"href":"https:\/\/www.radiopresidenteibanez.cl\/web\/wp-json\/wp\/v2\/categories?post=7893"},{"taxonomy":"post_tag","embeddable":true,"href":"https:\/\/www.radiopresidenteibanez.cl\/web\/wp-json\/wp\/v2\/tags?post=7893"}],"curies":[{"name":"wp","href":"https:\/\/api.w.org\/{rel}","templated":true}]}}