{"id":7882,"date":"2019-11-01T00:22:19","date_gmt":"2019-11-01T00:22:19","guid":{"rendered":"https:\/\/www.radiopresidenteibanez.cl\/web\/?p=7882"},"modified":"2019-11-01T00:22:23","modified_gmt":"2019-11-01T00:22:23","slug":"presidente-pinera-informa-que-espana-propone-organizar-conferencia-de-cambio-climatico-cop-25-en-madrid","status":"publish","type":"post","link":"https:\/\/www.radiopresidenteibanez.cl\/web\/presidente-pinera-informa-que-espana-propone-organizar-conferencia-de-cambio-climatico-cop-25-en-madrid\/","title":{"rendered":"PRESIDENTE PI\u00d1ERA INFORMA QUE ESPA\u00d1A PROPONE ORGANIZAR CONFERENCIA DE CAMBIO CLIM\u00c1TICO COP 25 EN MADRID"},"content":{"rendered":"\n<p>\n\nEl Presidente Sebasti\u00e1n Pi\u00f1era inform\u00f3 este jueves que el Presidente del Gobierno espa\u00f1ol, Pedro S\u00e1nchez, propuso organizar la COP 25, la mayor conferencia mundial contra el cambio clim\u00e1tico, en Madrid entre el 2 y 13 de diciembre.<\/p>\n\n\n\n<p>El Mandatario detall\u00f3 que este ofrecimiento fue informado a las m\u00e1ximas autoridades de Naciones Unidas y de la COP25 de forma tal de lograr que los avances que se hab\u00edan alcanzado se puedan materializar y poner en marcha en Madrid.<\/p>\n\n\n\n<p>\u201cEspero que esta generosa oferta del Presidente Espa\u00f1a, Pedro S\u00e1nchez, represente una soluci\u00f3n y quiero ratificar en forma clara y categ\u00f3rica que Chile est\u00e1 profunda y absolutamente comprometido con ser parte de la soluci\u00f3n a este problema del cambio clim\u00e1tico y el calentamiento global\u201d, dijo el Presidente en el Palacio de La Moneda.\n\n<\/p>\n","protected":false},"excerpt":{"rendered":"<p>El Presidente Sebasti\u00e1n Pi\u00f1era inform\u00f3 este jueves que el Presidente del Gobierno espa\u00f1ol, Pedro S\u00e1nchez, propuso organizar la COP 25, la mayor conferencia mundial contra el cambio clim\u00e1tico, en Madrid&#8230; <a class=\"read-more\" href=\"https:\/\/www.radiopresidenteibanez.cl\/web\/presidente-pinera-informa-que-espana-propone-organizar-conferencia-de-cambio-climatico-cop-25-en-madrid\/\">Leer m\u00e1s<\/a><\/p>\n","protected":false},"author":2,"featured_media":7883,"comment_status":"closed","ping_status":"closed","sticky":false,"template":"","format":"standard","meta":{"footnotes":""},"categories":[1],"tags":[],"class_list":["post-7882","post","type-post","status-publish","format-standard","has-post-thumbnail","hentry","category-cronica"],"_links":{"self":[{"href":"https:\/\/www.radiopresidenteibanez.cl\/web\/wp-json\/wp\/v2\/posts\/7882","targetHints":{"allow":["GET"]}}],"collection":[{"href":"https:\/\/www.radiopresidenteibanez.cl\/web\/wp-json\/wp\/v2\/posts"}],"about":[{"href":"https:\/\/www.radiopresidenteibanez.cl\/web\/wp-json\/wp\/v2\/types\/post"}],"author":[{"embeddable":true,"href":"https:\/\/www.radiopresidenteibanez.cl\/web\/wp-json\/wp\/v2\/users\/2"}],"replies":[{"embeddable":true,"href":"https:\/\/www.radiopresidenteibanez.cl\/web\/wp-json\/wp\/v2\/comments?post=7882"}],"version-history":[{"count":0,"href":"https:\/\/www.radiopresidenteibanez.cl\/web\/wp-json\/wp\/v2\/posts\/7882\/revisions"}],"wp:featuredmedia":[{"embeddable":true,"href":"https:\/\/www.radiopresidenteibanez.cl\/web\/wp-json\/wp\/v2\/media\/7883"}],"wp:attachment":[{"href":"https:\/\/www.radiopresidenteibanez.cl\/web\/wp-json\/wp\/v2\/media?parent=7882"}],"wp:term":[{"taxonomy":"category","embeddable":true,"href":"https:\/\/www.radiopresidenteibanez.cl\/web\/wp-json\/wp\/v2\/categories?post=7882"},{"taxonomy":"post_tag","embeddable":true,"href":"https:\/\/www.radiopresidenteibanez.cl\/web\/wp-json\/wp\/v2\/tags?post=7882"}],"curies":[{"name":"wp","href":"https:\/\/api.w.org\/{rel}","templated":true}]}}