{"id":788,"date":"2019-01-27T21:58:03","date_gmt":"2019-01-27T21:58:03","guid":{"rendered":"http:\/\/www.radiopresidenteibanez.cl\/web\/?p=788"},"modified":"2019-01-27T21:58:21","modified_gmt":"2019-01-27T21:58:21","slug":"ballet-folclorico-municipal-de-punta-arenas-representara-a-chile-en-festival-internacional-de-folclore","status":"publish","type":"post","link":"https:\/\/www.radiopresidenteibanez.cl\/web\/ballet-folclorico-municipal-de-punta-arenas-representara-a-chile-en-festival-internacional-de-folclore\/","title":{"rendered":"BALLET FOLCL\u00d3RICO MUNICIPAL DE PUNTA ARENAS REPRESENTAR\u00c1 A CHILE EN FESTIVAL INTERNACIONAL DE FOLCLORE"},"content":{"rendered":"\n<p>El elenco estable del Ballet Folkl\u00f3rico Municipal de Punta Arenas, da inicio a una nueva gira por el norte del pa\u00eds, donde participar\u00e1 en uno de los festivales folcl\u00f3ricos de  mayor prestigio en nuestro pa\u00eds. <\/p>\n\n\n\n<p><br> Se trata del Festival Internacional de Folclore DanzAm\u00e9rica 2019, que se realizar\u00e1 durante la primera semana de febrero, en Iquique. En la oportunidad, los exponentes magall\u00e1nicos mostrar\u00e1n cuatro de sus obras m\u00e1s aplaudidas en las \u00faltimas temporadas: \u201cHuasos\u2026 Orgullo de la Patria\u201d, \u201cChilo\u00e9\u2026 Magia isle\u00f1a\u201d, \u201cCampesinos\u2026 Sentires del campo chileno\u201d, y su \u00f3pera prima,  denominada \u201cPampa Austral\u2026 Patagonia\u201d. <\/p>\n\n\n\n<p><br> Cabe destacar que, adem\u00e1s, el Ballet Folcl\u00f3rico Municipal ser\u00e1 el \u00fanico representante de Chile en la versi\u00f3n festivalera, luego de haber postulado junto a destacados elencos a nivel nacional.<\/p>\n\n\n\n<p><br> En esta oportunidad, tambi\u00e9n compartir\u00e1n con sus hom\u00f3logos de otros pa\u00edses, como M\u00e9xico, Bolivia, Argentina, Brasil, Honduras, Colombia y Per\u00fa, mostrando parte de diferentes zonas culturales de nuestro pa\u00eds y generando un valioso rescate e intercambio cultural.<\/p>\n\n\n\n<p><br> El elenco que viaja en esta ocasi\u00f3n, consta de 27 integrantes entre bailarines, m\u00fasicos y tramoyas, quienes son dirigidos por el director general de Arte de esta compa\u00f1\u00eda municipal, Oscar Carri\u00f3n, acompa\u00f1ado por la profesora, Anah\u00ed Velqu\u00e9n, directora del elenco musical.  <br> Carri\u00f3n se manifest\u00f3 muy contento y agradecido de tener la misi\u00f3n de representar, una vez m\u00e1s, parte de la cultura patag\u00f3nica y chilena, desde una mirada tradicional. <\/p>\n\n\n\n<p>\u201cSiempre es un privilegio ser embajador cultural y representar los colores de nuestra regi\u00f3n en otros festivales chilenos, considerando la envergadura  de este importante evento, que fusiona diversas l\u00edneas esc\u00e9nicas y est\u00e9ticas en el \u00e1mbito folcl\u00f3rico. Es un  honor y gran responsabilidad llevar nuestro espect\u00e1culo, porque no solamente representamos al municipio y a la escena local, sino a todo un pa\u00eds, por lo que es nuestro deber dejar las puertas abiertas para que otros elencos regionales puedan hacerse presente en los pr\u00f3ximas versiones\u201d, afirm\u00f3. <\/p>\n\n\n\n<p>5 archivos adjuntos<\/p>\n","protected":false},"excerpt":{"rendered":"<p>El elenco estable del Ballet Folkl\u00f3rico Municipal de Punta Arenas, da inicio a una nueva gira por el norte del pa\u00eds, donde participar\u00e1 en uno de los festivales folcl\u00f3ricos de&#8230; <a class=\"read-more\" href=\"https:\/\/www.radiopresidenteibanez.cl\/web\/ballet-folclorico-municipal-de-punta-arenas-representara-a-chile-en-festival-internacional-de-folclore\/\">Leer m\u00e1s<\/a><\/p>\n","protected":false},"author":2,"featured_media":789,"comment_status":"closed","ping_status":"closed","sticky":false,"template":"","format":"standard","meta":{"footnotes":""},"categories":[1],"tags":[],"class_list":["post-788","post","type-post","status-publish","format-standard","has-post-thumbnail","hentry","category-cronica"],"_links":{"self":[{"href":"https:\/\/www.radiopresidenteibanez.cl\/web\/wp-json\/wp\/v2\/posts\/788","targetHints":{"allow":["GET"]}}],"collection":[{"href":"https:\/\/www.radiopresidenteibanez.cl\/web\/wp-json\/wp\/v2\/posts"}],"about":[{"href":"https:\/\/www.radiopresidenteibanez.cl\/web\/wp-json\/wp\/v2\/types\/post"}],"author":[{"embeddable":true,"href":"https:\/\/www.radiopresidenteibanez.cl\/web\/wp-json\/wp\/v2\/users\/2"}],"replies":[{"embeddable":true,"href":"https:\/\/www.radiopresidenteibanez.cl\/web\/wp-json\/wp\/v2\/comments?post=788"}],"version-history":[{"count":0,"href":"https:\/\/www.radiopresidenteibanez.cl\/web\/wp-json\/wp\/v2\/posts\/788\/revisions"}],"wp:featuredmedia":[{"embeddable":true,"href":"https:\/\/www.radiopresidenteibanez.cl\/web\/wp-json\/wp\/v2\/media\/789"}],"wp:attachment":[{"href":"https:\/\/www.radiopresidenteibanez.cl\/web\/wp-json\/wp\/v2\/media?parent=788"}],"wp:term":[{"taxonomy":"category","embeddable":true,"href":"https:\/\/www.radiopresidenteibanez.cl\/web\/wp-json\/wp\/v2\/categories?post=788"},{"taxonomy":"post_tag","embeddable":true,"href":"https:\/\/www.radiopresidenteibanez.cl\/web\/wp-json\/wp\/v2\/tags?post=788"}],"curies":[{"name":"wp","href":"https:\/\/api.w.org\/{rel}","templated":true}]}}