{"id":7879,"date":"2019-11-01T00:18:26","date_gmt":"2019-11-01T00:18:26","guid":{"rendered":"https:\/\/www.radiopresidenteibanez.cl\/web\/?p=7879"},"modified":"2019-11-01T00:18:29","modified_gmt":"2019-11-01T00:18:29","slug":"indh-llama-a-realizar-peritaje-internacional-sobre-armamento-empleado-por-la-policia","status":"publish","type":"post","link":"https:\/\/www.radiopresidenteibanez.cl\/web\/indh-llama-a-realizar-peritaje-internacional-sobre-armamento-empleado-por-la-policia\/","title":{"rendered":"INDH LLAMA A REALIZAR PERITAJE INTERNACIONAL SOBRE ARMAMENTO EMPLEADO POR LA POLIC\u00cdA"},"content":{"rendered":"\n<p>\n\nEl director del Instituto Nacional de Derechos Humanos (INDH), Sergio Micco, formul\u00f3 hoy un llamado a las instituciones del Estado para que soliciten un peritaje internacional sobre los armamentos empleados por la polic\u00eda para el control del orden p\u00fablico, que ha provocado lesiones en m\u00e1s de 700 personas, durante las protestas por demandas sociales registradas en el pa\u00eds.<\/p>\n\n\n\n<p>\u201cLo m\u00e1s responsable es que se pida un peritaje internacional acerca de la composici\u00f3n de los objetos que se lanzan, ya sean balines, perdigones de goma o met\u00e1licos; y para conocer la composici\u00f3n, potencia, presi\u00f3n y cantidad de p\u00f3lvora de las bombas lacrim\u00f3genas\u201d, indic\u00f3 Sergio Micco, director del Instituto.<\/p>\n\n\n\n<p>De acuerdo al Informe desarrollado por los observadores del INDH hasta ayer 20 de octubre de 2019, el Instituto ha presentado 167 acciones judiciales desde que se iniciaron las protestas hace ya 14 d\u00edas. Dentro de ellas cinco son por homicidio, 120 por torturas, de estas 18 son por violencia sexual; adem\u00e1s de 13 amparos, entre otras causas.<\/p>\n\n\n\n<p>Se han registrado tambi\u00e9n, directamente por personal INDH, 4271 personas detenidas en comisar\u00edas, y 1035 heridas, en las visitas a centros de salud. <\/p>\n\n\n\n<figure class=\"wp-block-image\"><img loading=\"lazy\" decoding=\"async\" width=\"900\" height=\"586\" src=\"https:\/\/www.radiopresidenteibanez.cl\/web\/wp-content\/uploads\/2019\/11\/unnamed.jpg\" alt=\"\" class=\"wp-image-7880\" srcset=\"https:\/\/www.radiopresidenteibanez.cl\/web\/wp-content\/uploads\/2019\/11\/unnamed.jpg 900w, https:\/\/www.radiopresidenteibanez.cl\/web\/wp-content\/uploads\/2019\/11\/unnamed-300x195.jpg 300w, https:\/\/www.radiopresidenteibanez.cl\/web\/wp-content\/uploads\/2019\/11\/unnamed-768x500.jpg 768w\" sizes=\"auto, (max-width: 900px) 100vw, 900px\" \/><\/figure>\n","protected":false},"excerpt":{"rendered":"<p>El director del Instituto Nacional de Derechos Humanos (INDH), Sergio Micco, formul\u00f3 hoy un llamado a las instituciones del Estado para que soliciten un peritaje internacional sobre los armamentos empleados&#8230; <a class=\"read-more\" href=\"https:\/\/www.radiopresidenteibanez.cl\/web\/indh-llama-a-realizar-peritaje-internacional-sobre-armamento-empleado-por-la-policia\/\">Leer m\u00e1s<\/a><\/p>\n","protected":false},"author":2,"featured_media":7880,"comment_status":"closed","ping_status":"closed","sticky":false,"template":"","format":"standard","meta":{"footnotes":""},"categories":[1],"tags":[],"class_list":["post-7879","post","type-post","status-publish","format-standard","has-post-thumbnail","hentry","category-cronica"],"_links":{"self":[{"href":"https:\/\/www.radiopresidenteibanez.cl\/web\/wp-json\/wp\/v2\/posts\/7879","targetHints":{"allow":["GET"]}}],"collection":[{"href":"https:\/\/www.radiopresidenteibanez.cl\/web\/wp-json\/wp\/v2\/posts"}],"about":[{"href":"https:\/\/www.radiopresidenteibanez.cl\/web\/wp-json\/wp\/v2\/types\/post"}],"author":[{"embeddable":true,"href":"https:\/\/www.radiopresidenteibanez.cl\/web\/wp-json\/wp\/v2\/users\/2"}],"replies":[{"embeddable":true,"href":"https:\/\/www.radiopresidenteibanez.cl\/web\/wp-json\/wp\/v2\/comments?post=7879"}],"version-history":[{"count":0,"href":"https:\/\/www.radiopresidenteibanez.cl\/web\/wp-json\/wp\/v2\/posts\/7879\/revisions"}],"wp:featuredmedia":[{"embeddable":true,"href":"https:\/\/www.radiopresidenteibanez.cl\/web\/wp-json\/wp\/v2\/media\/7880"}],"wp:attachment":[{"href":"https:\/\/www.radiopresidenteibanez.cl\/web\/wp-json\/wp\/v2\/media?parent=7879"}],"wp:term":[{"taxonomy":"category","embeddable":true,"href":"https:\/\/www.radiopresidenteibanez.cl\/web\/wp-json\/wp\/v2\/categories?post=7879"},{"taxonomy":"post_tag","embeddable":true,"href":"https:\/\/www.radiopresidenteibanez.cl\/web\/wp-json\/wp\/v2\/tags?post=7879"}],"curies":[{"name":"wp","href":"https:\/\/api.w.org\/{rel}","templated":true}]}}