{"id":7838,"date":"2019-10-28T20:45:19","date_gmt":"2019-10-28T20:45:19","guid":{"rendered":"https:\/\/www.radiopresidenteibanez.cl\/web\/?p=7838"},"modified":"2019-10-28T20:45:22","modified_gmt":"2019-10-28T20:45:22","slug":"gasco-informa-su-nuevo-horario-de-atencion-en-distintas-oficinas-de-la-region","status":"publish","type":"post","link":"https:\/\/www.radiopresidenteibanez.cl\/web\/gasco-informa-su-nuevo-horario-de-atencion-en-distintas-oficinas-de-la-region\/","title":{"rendered":"GASCO INFORMA SU NUEVO HORARIO DE ATENCI\u00d3N EN DISTINTAS OFICINAS DE LA REGI\u00d3N"},"content":{"rendered":"\n<p>A contar de hoy lunes 28 de octubre Gasco informa que se ha normalizado la atenci\u00f3n de todas sus oficinas comerciales:<\/p>\n\n\n\n<ol class=\"wp-block-list\"><li>Punta Arenas. 8 a 13.30 \/ 15 a 17 horas<\/li><li>Puerto Natales. 8.30 a 12 \/ 14 a 17.30 horas<\/li><li>Porvenir. 8 a 13 \/ 14.30 a 17 horas<\/li><li> Nuestros clientes pueden encontrar informaci\u00f3n y realizar tr\u00e1mites tambi\u00e9n en\u00a0<a rel=\"noreferrer noopener\" href=\"http:\/\/www.gascomagallanes.cl\/\" target=\"_blank\">www.gascomagallanes.cl<\/a> <\/li><\/ol>\n","protected":false},"excerpt":{"rendered":"<p>A contar de hoy lunes 28 de octubre Gasco informa que se ha normalizado la atenci\u00f3n de todas sus oficinas comerciales: Punta Arenas. 8 a 13.30 \/ 15 a 17&#8230; <a class=\"read-more\" href=\"https:\/\/www.radiopresidenteibanez.cl\/web\/gasco-informa-su-nuevo-horario-de-atencion-en-distintas-oficinas-de-la-region\/\">Leer m\u00e1s<\/a><\/p>\n","protected":false},"author":2,"featured_media":7839,"comment_status":"closed","ping_status":"closed","sticky":false,"template":"","format":"standard","meta":{"footnotes":""},"categories":[1],"tags":[],"class_list":["post-7838","post","type-post","status-publish","format-standard","has-post-thumbnail","hentry","category-cronica"],"_links":{"self":[{"href":"https:\/\/www.radiopresidenteibanez.cl\/web\/wp-json\/wp\/v2\/posts\/7838","targetHints":{"allow":["GET"]}}],"collection":[{"href":"https:\/\/www.radiopresidenteibanez.cl\/web\/wp-json\/wp\/v2\/posts"}],"about":[{"href":"https:\/\/www.radiopresidenteibanez.cl\/web\/wp-json\/wp\/v2\/types\/post"}],"author":[{"embeddable":true,"href":"https:\/\/www.radiopresidenteibanez.cl\/web\/wp-json\/wp\/v2\/users\/2"}],"replies":[{"embeddable":true,"href":"https:\/\/www.radiopresidenteibanez.cl\/web\/wp-json\/wp\/v2\/comments?post=7838"}],"version-history":[{"count":0,"href":"https:\/\/www.radiopresidenteibanez.cl\/web\/wp-json\/wp\/v2\/posts\/7838\/revisions"}],"wp:featuredmedia":[{"embeddable":true,"href":"https:\/\/www.radiopresidenteibanez.cl\/web\/wp-json\/wp\/v2\/media\/7839"}],"wp:attachment":[{"href":"https:\/\/www.radiopresidenteibanez.cl\/web\/wp-json\/wp\/v2\/media?parent=7838"}],"wp:term":[{"taxonomy":"category","embeddable":true,"href":"https:\/\/www.radiopresidenteibanez.cl\/web\/wp-json\/wp\/v2\/categories?post=7838"},{"taxonomy":"post_tag","embeddable":true,"href":"https:\/\/www.radiopresidenteibanez.cl\/web\/wp-json\/wp\/v2\/tags?post=7838"}],"curies":[{"name":"wp","href":"https:\/\/api.w.org\/{rel}","templated":true}]}}