{"id":7836,"date":"2019-10-28T20:35:24","date_gmt":"2019-10-28T20:35:24","guid":{"rendered":"https:\/\/www.radiopresidenteibanez.cl\/web\/?p=7836"},"modified":"2019-10-28T20:35:27","modified_gmt":"2019-10-28T20:35:27","slug":"seremi-de-educacion-informa-de-clases-normales-para-este-martes-29-de-octubre","status":"publish","type":"post","link":"https:\/\/www.radiopresidenteibanez.cl\/web\/seremi-de-educacion-informa-de-clases-normales-para-este-martes-29-de-octubre\/","title":{"rendered":"SEREMI DE EDUCACI\u00d3N INFORMA DE CLASES NORMALES PARA ESTE MARTES 29 DE OCTUBRE"},"content":{"rendered":"\n<p><strong>La autoridad regional de Magallanes y\nAnt\u00e1rtica Chilena informa a toda la comunidad escolar que las clases para el <\/strong><strong>MARTES\n29 DE OCTUBRE <\/strong><strong>se desarrollar\u00e1n\nde manera regular hasta las 13.00 horas.<\/strong><\/p>\n\n\n\n<p><strong>Para aquellos sostenedores de la\ncomuna de Punta Arenas que deseen extender su jornada, podr\u00e1n hacerlo en la\nmedida que las condiciones lo permitan.<\/strong><\/p>\n\n\n\n<p><strong>Los\nestablecimientos educacionales de las dem\u00e1s comunas de la regi\u00f3n tendr\u00e1n\njornada escolar regular en todos sus niveles.<\/strong><\/p>\n\n\n\n<p><strong>La presente medida rige para\nestablecimientos educacionales municipales, particulares subvencionados y\nparticulares pagados.<\/strong><\/p>\n","protected":false},"excerpt":{"rendered":"<p>La autoridad regional de Magallanes y Ant\u00e1rtica Chilena informa a toda la comunidad escolar que las clases para el MARTES 29 DE OCTUBRE se desarrollar\u00e1n de manera regular hasta las&#8230; <a class=\"read-more\" href=\"https:\/\/www.radiopresidenteibanez.cl\/web\/seremi-de-educacion-informa-de-clases-normales-para-este-martes-29-de-octubre\/\">Leer m\u00e1s<\/a><\/p>\n","protected":false},"author":2,"featured_media":7774,"comment_status":"closed","ping_status":"closed","sticky":false,"template":"","format":"standard","meta":{"footnotes":""},"categories":[1],"tags":[],"class_list":["post-7836","post","type-post","status-publish","format-standard","has-post-thumbnail","hentry","category-cronica"],"_links":{"self":[{"href":"https:\/\/www.radiopresidenteibanez.cl\/web\/wp-json\/wp\/v2\/posts\/7836","targetHints":{"allow":["GET"]}}],"collection":[{"href":"https:\/\/www.radiopresidenteibanez.cl\/web\/wp-json\/wp\/v2\/posts"}],"about":[{"href":"https:\/\/www.radiopresidenteibanez.cl\/web\/wp-json\/wp\/v2\/types\/post"}],"author":[{"embeddable":true,"href":"https:\/\/www.radiopresidenteibanez.cl\/web\/wp-json\/wp\/v2\/users\/2"}],"replies":[{"embeddable":true,"href":"https:\/\/www.radiopresidenteibanez.cl\/web\/wp-json\/wp\/v2\/comments?post=7836"}],"version-history":[{"count":0,"href":"https:\/\/www.radiopresidenteibanez.cl\/web\/wp-json\/wp\/v2\/posts\/7836\/revisions"}],"wp:featuredmedia":[{"embeddable":true,"href":"https:\/\/www.radiopresidenteibanez.cl\/web\/wp-json\/wp\/v2\/media\/7774"}],"wp:attachment":[{"href":"https:\/\/www.radiopresidenteibanez.cl\/web\/wp-json\/wp\/v2\/media?parent=7836"}],"wp:term":[{"taxonomy":"category","embeddable":true,"href":"https:\/\/www.radiopresidenteibanez.cl\/web\/wp-json\/wp\/v2\/categories?post=7836"},{"taxonomy":"post_tag","embeddable":true,"href":"https:\/\/www.radiopresidenteibanez.cl\/web\/wp-json\/wp\/v2\/tags?post=7836"}],"curies":[{"name":"wp","href":"https:\/\/api.w.org\/{rel}","templated":true}]}}