{"id":7834,"date":"2019-10-28T20:28:38","date_gmt":"2019-10-28T20:28:38","guid":{"rendered":"https:\/\/www.radiopresidenteibanez.cl\/web\/?p=7834"},"modified":"2019-10-28T20:28:43","modified_gmt":"2019-10-28T20:28:43","slug":"nunca-mas-por-pablo-cruz","status":"publish","type":"post","link":"https:\/\/www.radiopresidenteibanez.cl\/web\/nunca-mas-por-pablo-cruz\/","title":{"rendered":"\u00bfNUNCA M\u00c1S? por PABLO CRUZ"},"content":{"rendered":"\n<p>Fue el entonces comandante en jefe del Ej\u00e9rcito, el\ngeneral Juan Emilio Cheyre, quien hizo la declaraci\u00f3n, ampliamente difundida y\naplaudida: \u201cNunca m\u00e1s\u201d, asumiendo en un documento la responsabilidad del\nEj\u00e9rcito en los cr\u00edmenes de la dictadura.<\/p>\n\n\n\n<p>Al poco tiempo, era procesado por torturas cuando era\nteniente en un regimiento de La Serena.<\/p>\n\n\n\n<p>Es decir, ese nunca m\u00e1s era de los dientes para\nafuera.<\/p>\n\n\n\n<p>El abuso de los militares y los carabineros, es decir,\nquienes tienen la fuerza, ha aparecido nuevamente en las jornadas de protesta\ncontra el sistema econ\u00f3mico, social y pol\u00edtico vigente, agotado ya ante la\nrebeli\u00f3n popular.<\/p>\n\n\n\n<p>Las denuncias de abusos, de torturas, de golpes, de\nvej\u00e1menes a las mujeres, se han sucedido, pero a diferencia de la dictadura,\nhoy los represores no tienen la complicidad de un poder judicial cobarde y las\nquerellas se est\u00e1n amontonando en&nbsp; los\ntribunales, querellas que se espera se traduzcan en sanciones severas y no en\nlos tirones de orejas que recibieron pol\u00edticos y empresarios corruptos que\nfueron procesados.<\/p>\n\n\n\n<p>El abuso de los militares y la polic\u00eda es algo\ninherente a su mentalidad. Es una sicopat\u00eda que parece incorporada al poder que\ndan las armas.<\/p>\n\n\n\n<p>Los abusos, las violaciones a los derechos humanos y\nhasta a las leyes que han sido la t\u00f3nica que hemos presenciado en estos d\u00edas,\nson adem\u00e1s la consecuencia de que un gobierno haya declarado un estado de\nexcepci\u00f3n constitucional, m\u00e1s que para mantener el orden, lo que no ocurri\u00f3,\nsino para amedrentar, sin \u00e9xito, a quienes protestan.<\/p>\n\n\n\n<p>El \u201cnunca m\u00e1s\u201d de los militares era falso, pero no lo\nes el nunca m\u00e1s de una ciudadan\u00eda que rechaza un sistema que hace m\u00e1s ticos a\nun grupito de millonarios y m\u00e1s pobres al resto de los chilenos y consagra el\nabuso en todas las instancias.<\/p>\n","protected":false},"excerpt":{"rendered":"<p>Fue el entonces comandante en jefe del Ej\u00e9rcito, el general Juan Emilio Cheyre, quien hizo la declaraci\u00f3n, ampliamente difundida y aplaudida: \u201cNunca m\u00e1s\u201d, asumiendo en un documento la responsabilidad del&#8230; <a class=\"read-more\" href=\"https:\/\/www.radiopresidenteibanez.cl\/web\/nunca-mas-por-pablo-cruz\/\">Leer m\u00e1s<\/a><\/p>\n","protected":false},"author":2,"featured_media":6141,"comment_status":"closed","ping_status":"closed","sticky":false,"template":"","format":"standard","meta":{"footnotes":""},"categories":[1],"tags":[],"class_list":["post-7834","post","type-post","status-publish","format-standard","has-post-thumbnail","hentry","category-cronica"],"_links":{"self":[{"href":"https:\/\/www.radiopresidenteibanez.cl\/web\/wp-json\/wp\/v2\/posts\/7834","targetHints":{"allow":["GET"]}}],"collection":[{"href":"https:\/\/www.radiopresidenteibanez.cl\/web\/wp-json\/wp\/v2\/posts"}],"about":[{"href":"https:\/\/www.radiopresidenteibanez.cl\/web\/wp-json\/wp\/v2\/types\/post"}],"author":[{"embeddable":true,"href":"https:\/\/www.radiopresidenteibanez.cl\/web\/wp-json\/wp\/v2\/users\/2"}],"replies":[{"embeddable":true,"href":"https:\/\/www.radiopresidenteibanez.cl\/web\/wp-json\/wp\/v2\/comments?post=7834"}],"version-history":[{"count":0,"href":"https:\/\/www.radiopresidenteibanez.cl\/web\/wp-json\/wp\/v2\/posts\/7834\/revisions"}],"wp:featuredmedia":[{"embeddable":true,"href":"https:\/\/www.radiopresidenteibanez.cl\/web\/wp-json\/wp\/v2\/media\/6141"}],"wp:attachment":[{"href":"https:\/\/www.radiopresidenteibanez.cl\/web\/wp-json\/wp\/v2\/media?parent=7834"}],"wp:term":[{"taxonomy":"category","embeddable":true,"href":"https:\/\/www.radiopresidenteibanez.cl\/web\/wp-json\/wp\/v2\/categories?post=7834"},{"taxonomy":"post_tag","embeddable":true,"href":"https:\/\/www.radiopresidenteibanez.cl\/web\/wp-json\/wp\/v2\/tags?post=7834"}],"curies":[{"name":"wp","href":"https:\/\/api.w.org\/{rel}","templated":true}]}}