{"id":7832,"date":"2019-10-28T19:41:49","date_gmt":"2019-10-28T19:41:49","guid":{"rendered":"https:\/\/www.radiopresidenteibanez.cl\/web\/?p=7832"},"modified":"2019-10-28T19:41:52","modified_gmt":"2019-10-28T19:41:52","slug":"comunicado-de-prensa-mesa-sector-publico","status":"publish","type":"post","link":"https:\/\/www.radiopresidenteibanez.cl\/web\/comunicado-de-prensa-mesa-sector-publico\/","title":{"rendered":"COMUNICADO DE PRENSA MESA SECTOR P\u00daBLICO"},"content":{"rendered":"\n<p>Las Organizaciones integrantes de la MSP REGIONAL: ANEF- AJUNJI- ANTUE\n(Afum) \u2013 FENTESS\n\u2013 FENPRUS- FENFUSSAP \u2013 CONFUSAM \u2013 ASEMUCH \u2013 FENATS (CONFENATS) y EL COLEGIO\nDE<\/p>\n\n\n\n<p>PROFESORES ante los hechos\nocurridos el d\u00eda\nde ayer denunciamos p\u00fablicamente lo siguiente:<\/p>\n\n\n\n<p>Rechazamos el uso desmedido y excesivo por parte de las Fuerzas\nespeciales contra magall\u00e1nic@s que leg\u00edtimamente particip\u00e1bamos de una marcha pac\u00edfica\npor el centro de la ciudad, donde hab\u00edan muchas familias, ni\u00f1os,\nadultos mayores quienes\nfuimos reprimidos sin causa alguna.<\/p>\n\n\n\n<p>Solidarizamos con los dirigentes que fueron injustamente detenidos por el\nsolo hecho de expresarse en las calles y ser parte del clamor del pueblo unido.\nDecimos fuerte y claro \u201cSOMOS DIRIGENTES NO SOMOS\nDELINCUENTES\u201d, aqu\u00ed estamos\ny desde este\nepisodio lucharemos con m\u00e1s\nfuerza\npor construir el Chile que todos so\u00f1amos,\ncon m\u00e1s justicia\nsocial, con oportunidades para todos y todas,<\/p>\n\n\n\n<p>Lamentamos el actuar\nel Fiscal Regional\nSr. Felipe Aguirre\npor no haber estado a la altura\nde su cargo y no cumplir\ncon su funci\u00f3n, lo que provoc\u00f3 una demora innecesaria para que nuestros compa\u00f1eros recuperen su libertad.<\/p>\n\n\n\n<p><strong><em>MESA SECTOR PUBLICO MAGALLANES<\/em><\/strong><\/p>\n\n\n\n<p><strong><em>LA UNIDAD\nDE LOS TRABAJADORES ES INVENCIBLE<\/em><\/strong><strong><em><\/em><\/strong><\/p>\n","protected":false},"excerpt":{"rendered":"<p>Las Organizaciones integrantes de la MSP REGIONAL: ANEF- AJUNJI- ANTUE (Afum) \u2013 FENTESS \u2013 FENPRUS- FENFUSSAP \u2013 CONFUSAM \u2013 ASEMUCH \u2013 FENATS (CONFENATS) y EL COLEGIO DE PROFESORES ante los&#8230; <a class=\"read-more\" href=\"https:\/\/www.radiopresidenteibanez.cl\/web\/comunicado-de-prensa-mesa-sector-publico\/\">Leer m\u00e1s<\/a><\/p>\n","protected":false},"author":2,"featured_media":740,"comment_status":"closed","ping_status":"closed","sticky":false,"template":"","format":"standard","meta":{"footnotes":""},"categories":[1],"tags":[],"class_list":["post-7832","post","type-post","status-publish","format-standard","has-post-thumbnail","hentry","category-cronica"],"_links":{"self":[{"href":"https:\/\/www.radiopresidenteibanez.cl\/web\/wp-json\/wp\/v2\/posts\/7832","targetHints":{"allow":["GET"]}}],"collection":[{"href":"https:\/\/www.radiopresidenteibanez.cl\/web\/wp-json\/wp\/v2\/posts"}],"about":[{"href":"https:\/\/www.radiopresidenteibanez.cl\/web\/wp-json\/wp\/v2\/types\/post"}],"author":[{"embeddable":true,"href":"https:\/\/www.radiopresidenteibanez.cl\/web\/wp-json\/wp\/v2\/users\/2"}],"replies":[{"embeddable":true,"href":"https:\/\/www.radiopresidenteibanez.cl\/web\/wp-json\/wp\/v2\/comments?post=7832"}],"version-history":[{"count":0,"href":"https:\/\/www.radiopresidenteibanez.cl\/web\/wp-json\/wp\/v2\/posts\/7832\/revisions"}],"wp:featuredmedia":[{"embeddable":true,"href":"https:\/\/www.radiopresidenteibanez.cl\/web\/wp-json\/wp\/v2\/media\/740"}],"wp:attachment":[{"href":"https:\/\/www.radiopresidenteibanez.cl\/web\/wp-json\/wp\/v2\/media?parent=7832"}],"wp:term":[{"taxonomy":"category","embeddable":true,"href":"https:\/\/www.radiopresidenteibanez.cl\/web\/wp-json\/wp\/v2\/categories?post=7832"},{"taxonomy":"post_tag","embeddable":true,"href":"https:\/\/www.radiopresidenteibanez.cl\/web\/wp-json\/wp\/v2\/tags?post=7832"}],"curies":[{"name":"wp","href":"https:\/\/api.w.org\/{rel}","templated":true}]}}