{"id":7830,"date":"2019-10-28T19:38:32","date_gmt":"2019-10-28T19:38:32","guid":{"rendered":"https:\/\/www.radiopresidenteibanez.cl\/web\/?p=7830"},"modified":"2019-10-28T19:38:36","modified_gmt":"2019-10-28T19:38:36","slug":"4-mil-viviendas-quedaron-sin-suministro-electrico-en-punta-arenas","status":"publish","type":"post","link":"https:\/\/www.radiopresidenteibanez.cl\/web\/4-mil-viviendas-quedaron-sin-suministro-electrico-en-punta-arenas\/","title":{"rendered":"4 MIL VIVIENDAS QUEDARON SIN SUMINISTRO EL\u00c9CTRICO EN PUNTA ARENAS"},"content":{"rendered":"\n<p>Alrededor de las 12:30 horas de hoy se produjo la interrupci\u00f3n de energ\u00eda el\u00e9ctrica, que afect\u00f3 a cerca de 4 mil clientes ubicados en la sector centro norte de Punta Arenas.<\/p>\n\n\n\n<p>Inmediatamente se comenz\u00f3 la revisi\u00f3n de las redes de distribuci\u00f3n, detect\u00e1ndose un corte de l\u00edneas de media tensi\u00f3n provocado presumiblemente por un cami\u00f3n que impact\u00f3 el tirante del poste ubicado a la altura Club H\u00edpico con Avenida Bulnes.<\/p>\n\n\n\n<p>A esta hora permanecen sin energ\u00eda el\u00e9ctrica 553 clientes ubicados en Avenida Bulnes entre Maip\u00fa y Hornillas, adem\u00e1s de calle Club H\u00edpico, quienes contar\u00e1n con suministro una vez que finalicen los trabajos de reparaci\u00f3n, lo que se estima ocurra a las 15:30 horas aproximadamente.<\/p>\n","protected":false},"excerpt":{"rendered":"<p>Alrededor de las 12:30 horas de hoy se produjo la interrupci\u00f3n de energ\u00eda el\u00e9ctrica, que afect\u00f3 a cerca de 4 mil clientes ubicados en la sector centro norte de Punta&#8230; <a class=\"read-more\" href=\"https:\/\/www.radiopresidenteibanez.cl\/web\/4-mil-viviendas-quedaron-sin-suministro-electrico-en-punta-arenas\/\">Leer m\u00e1s<\/a><\/p>\n","protected":false},"author":2,"featured_media":714,"comment_status":"closed","ping_status":"closed","sticky":false,"template":"","format":"standard","meta":{"footnotes":""},"categories":[1],"tags":[],"class_list":["post-7830","post","type-post","status-publish","format-standard","has-post-thumbnail","hentry","category-cronica"],"_links":{"self":[{"href":"https:\/\/www.radiopresidenteibanez.cl\/web\/wp-json\/wp\/v2\/posts\/7830","targetHints":{"allow":["GET"]}}],"collection":[{"href":"https:\/\/www.radiopresidenteibanez.cl\/web\/wp-json\/wp\/v2\/posts"}],"about":[{"href":"https:\/\/www.radiopresidenteibanez.cl\/web\/wp-json\/wp\/v2\/types\/post"}],"author":[{"embeddable":true,"href":"https:\/\/www.radiopresidenteibanez.cl\/web\/wp-json\/wp\/v2\/users\/2"}],"replies":[{"embeddable":true,"href":"https:\/\/www.radiopresidenteibanez.cl\/web\/wp-json\/wp\/v2\/comments?post=7830"}],"version-history":[{"count":0,"href":"https:\/\/www.radiopresidenteibanez.cl\/web\/wp-json\/wp\/v2\/posts\/7830\/revisions"}],"wp:featuredmedia":[{"embeddable":true,"href":"https:\/\/www.radiopresidenteibanez.cl\/web\/wp-json\/wp\/v2\/media\/714"}],"wp:attachment":[{"href":"https:\/\/www.radiopresidenteibanez.cl\/web\/wp-json\/wp\/v2\/media?parent=7830"}],"wp:term":[{"taxonomy":"category","embeddable":true,"href":"https:\/\/www.radiopresidenteibanez.cl\/web\/wp-json\/wp\/v2\/categories?post=7830"},{"taxonomy":"post_tag","embeddable":true,"href":"https:\/\/www.radiopresidenteibanez.cl\/web\/wp-json\/wp\/v2\/tags?post=7830"}],"curies":[{"name":"wp","href":"https:\/\/api.w.org\/{rel}","templated":true}]}}