{"id":7828,"date":"2019-10-28T19:36:15","date_gmt":"2019-10-28T19:36:15","guid":{"rendered":"https:\/\/www.radiopresidenteibanez.cl\/web\/?p=7828"},"modified":"2019-10-28T19:36:19","modified_gmt":"2019-10-28T19:36:19","slug":"el-derecho-de-vivir-en-paz-por-ernesto-sepulveda","status":"publish","type":"post","link":"https:\/\/www.radiopresidenteibanez.cl\/web\/el-derecho-de-vivir-en-paz-por-ernesto-sepulveda\/","title":{"rendered":"EL DERECHO DE VIVIR EN PAZ por ERNESTO SEPULVEDA"},"content":{"rendered":"\n<p>Amigos y amigas.<\/p>\n\n\n\n<p>La semana pasada se dio inicio a una movilizaci\u00f3n social hist\u00f3rica en Chile. Hist\u00f3rica porque constituyen las manifestaciones m\u00e1s masivas desde el triunfo del NO, en octubre de 1988. As\u00ed se ha consignado en todos los medios. Que la marcha efectuada el viernes 25 de octubre, fue la m\u00e1s grande de todas las realizadas anteriormente. Ha destacado lo pacifico, festivo y alegre de estas marchas. En el caso de Magallanes, con la concurrencia de familias completas.<\/p>\n\n\n\n<p>Un gobierno atrapado en la trampa de sus propias palabras, paralizado, sin signos de reacci\u00f3n. Dio paso, despu\u00e9s de la mega marcha, a un presidente tratando de retomar el control. Haciendo distintos gestos hacia la ciudadan\u00eda movilizada: Disculpas por errores pasados; reconocimiento de la legitimidad de las protestas; petici\u00f3n de renuncia a gabinete; disposici\u00f3n a modificar la denominada \u201cagenda social\u201d, que hab\u00eda presentado d\u00edas antes a algunos partidos pol\u00edticos.<\/p>\n\n\n\n<p>La legitimidad, el fundamento, y el clamor mayoritario en las calles, es contra la desigualdad, contra el abuso, contra los sueldos y pensiones miserables, contra la postergaci\u00f3n. Pero no es excluyente, el cat\u00e1logo de reivindicaciones sociales, es muy extenso. Incluye el reclamo por el cambio de la constituci\u00f3n; reducci\u00f3n de privilegios a los m\u00e1s ricos; el agua como un derecho; No m\u00e1s AFP; seguro universal de salud; educaci\u00f3n p\u00fablica; transporte p\u00fablico. Y un largo etc\u00e9tera.<\/p>\n\n\n\n<p>Sin lugar a dudas, lo que ha resonado con m\u00e1s fuerza, ha sido el reclamo por una nueva constituci\u00f3n para Chile. Un tema que se abord\u00f3 en el segundo gobierno de la presidenta Bachelet. Se efectuaron encuentros locales en todo el pa\u00eds, con participaci\u00f3n directa de m\u00e1s de 200 mil personas. Se sistematiz\u00f3 las propuestas de la gente, y se confeccion\u00f3 un proyecto de ley que reformar\u00eda la constituci\u00f3n para la realizaci\u00f3n de un plebiscito. En esa instancia se resolver\u00eda por el voto popular, si ser\u00eda el congreso nacional, una comisi\u00f3n de expertos o una asamblea constituyente, la que sancionar\u00eda la nueva constituci\u00f3n.<\/p>\n\n\n\n<p>Eso ocurri\u00f3 el 2017, hace escasos dos a\u00f1os. El proceso fue torpedeado sistem\u00e1ticamente por los pol\u00edticos conservadores de derecha y centro izquierda. Se dec\u00eda que poco menos, se iba a alterar la estabilidad democr\u00e1tica. El gran empresariado, y las cadenas de medios de comunicaci\u00f3n afines, repet\u00edan con insistencia, que esos no eran los problemas que importaban a la gente, que era algo que le interesaba solo a los pol\u00edticos.<\/p>\n\n\n\n<p>Con la llegada de la actual administraci\u00f3n, el proceso se paraliz\u00f3. Se desech\u00f3 la idea de continuar con la tramitaci\u00f3n legislativa de proyecto de gobierno anterior.<\/p>\n\n\n\n<p>Que el reclamo por una nueva constituci\u00f3n, este presente ahora, en todas las movilizaciones sociales, es prueba fehaciente, de que no son ni los partidos pol\u00edticos, ni mucho menos el gobierno, quien lo impulsa. Claramente no es del gusto de los pol\u00edticos tradicionales. Reconocer que es el pueblo el origen y destino, de toda la organizaci\u00f3n pol\u00edtica, implica para muchos de los que han detentado granjer\u00edas y privilegios,&nbsp;&nbsp;la aceptaci\u00f3n impl\u00edcita, a que sea el pueblo como poder constituyente originario, el que determine una nueva forma de organizaci\u00f3n.<\/p>\n\n\n\n<p>Los pol\u00edticos de uno y otro lado, no vieron venir esta marea. Ya no sirven los alegatos a la estabilidad pol\u00edtica, a la paz social, al ambiente de necesario para los negocios, la amenaza de quiebre de empresas y p\u00e9rdida de empleos. Lo que millones de personas han dicho, y siguen a\u00fan hoy d\u00eda diciendo, con fuerza y claridad, es que la paz social que ten\u00edamos, era una burbuja. Que se apret\u00f3 demasiado la tuerca para mantener el sistema productivo funcionando, a bajo costo, y el hilo del perno se cort\u00f3, y la tuera ya no aprieta y gira en banda.<\/p>\n\n\n\n<p>Somos un pueblo pac\u00edfico, gustamos de vivir en paz, junto a nuestras familias. Casi el 90% de quienes vivimos en Chile, decimos que la familia es lo m\u00e1s importante. Que nos preocupa el brindarles protecci\u00f3n, el darles bienestar. De ah\u00ed que lo que m\u00e1s nos preocupa es el empleo, la salud, la delincuencia, la educaci\u00f3n.<\/p>\n\n\n\n<p>Grandes compa\u00f1\u00edas dedicadas a la comunicaci\u00f3n estrat\u00e9gica y al marketing electoral, dise\u00f1aron la campa\u00f1a presidencial que triunf\u00f3 el 2017. Se explot\u00f3 hasta la saciedad los temores. La p\u00e9rdida del empleo, el quiebre de empresas, el aumento de la delincuencia, la inseguridad. Se difundi\u00f3 informaci\u00f3n falsa, para vincular a la alianza de centro izquierda con el Chavismo, y con la dictadura venezolana. Se prometi\u00f3 un para\u00edso de crecimiento econ\u00f3mico, mejores ingresos, mayor seguridad, y un sinn\u00famero de otras ofertas de campa\u00f1a, cubriendo todo el espectro de necesidades de la ciudadan\u00eda.<\/p>\n\n\n\n<p>El candidato que utiliz\u00f3 esa estrategia electoral, venci\u00f3 holgadamente las elecciones presidenciales. Gan\u00f3 y por un amplio margen, en todas las regiones del pa\u00eds, menos en Ays\u00e9n y Magallanes.<\/p>\n\n\n\n<p>Si volvemos a revisar las peticiones, demandas o reivindicaciones, del movimiento social, que se ha desplegado en todo el pa\u00eds, apreciamos con facilidad que cubren todas las \u00e1reas, donde el actual presidente hizo propuestas, que no se cumplieron. En muchos casos, ni siquiera han formado parte de los proyectos de ley presentados al congreso.<\/p>\n\n\n\n<p>Si las cosas hubiesen seguido como siempre, como han sido desde el retorno a la democracia. La molestia habr\u00eda sido el combustible para echar a andar de nuevo a la vieja oposici\u00f3n pol\u00edtica. Y de ah\u00ed a armarse de paciencia hasta el fin de este gobierno en dos a\u00f1os m\u00e1s. Pero algo cambi\u00f3. Las personas que se volcaron a las calles en todo el pa\u00eds, protestan en contra del gobierno, pero tambi\u00e9n en contra todo el sistema pol\u00edtico y econ\u00f3mico. No persiguen apoyar a un candidato en espec\u00edfico, sino que apuntan a cambios m\u00e1s profundos que una simple elecci\u00f3n.<\/p>\n\n\n\n<p>Por lo anterior, es que los sucesivos anuncios presidenciales, no han logrado sofocar la movilizaci\u00f3n social. Tampoco lo ha hecho, la represi\u00f3n sistem\u00e1tica de protestas pac\u00edficas, golpizas, balaceras, con resultado de muertos y heridos graves.<\/p>\n\n\n\n<p>Las personas que he visto en las marchas por todo el pa\u00eds, son en su mayor\u00eda&nbsp;&nbsp;menores de 30 a\u00f1os. Son una generaci\u00f3n que naci\u00f3 en libertad, naci\u00f3 en democracia. No tiene los temores ni los recuerdos macabros, de la generaci\u00f3n que tuvo que enfrentar la dictadura. Por lo mismo son personas que nadie va a poder someter por la fuerza, ni con la represi\u00f3n. Esto a\u00fan no lo comprenden las autoridades.<\/p>\n\n\n\n<p>Somos un pa\u00eds de paz. Es nuestro orgullo y nuestro privilegio. Para que esta paz, que tanto nos cost\u00f3 conquistar, vaya acompa\u00f1ada de grados crecientes de igualdad, se va a requerir esfuerzos consistentes y concretos, para un dialogo amplio de toda la ciudadan\u00eda. Es una tarea de valorizaci\u00f3n de la vida c\u00edvica, se trata de reconstituir los lazos que nos unen en sociedad. Es algo que va m\u00e1s all\u00e1 del cambio de gobierno.<\/p>\n\n\n\n<p>Debemos entender, que el sistema donde las decisiones las tomaban unos pocos incumbentes, ya no existe m\u00e1s. Que la legitimidad de nuestra democracia se juega en la participaci\u00f3n masiva, tambi\u00e9n en los procesos eleccionarios. Ejercer nuestros derechos pol\u00edticos, lleva consigo cumplir con nuestros deberes c\u00edvicos tambi\u00e9n.<\/p>\n\n\n\n<p>El voto obligatorio, la presentaci\u00f3n por el ejecutivo de proyecto de plebiscito para una asamblea constituyente, retirar proyecto de reforma tributaria, separar incremento del pilar solidario del proyecto de pensiones, patrocinar el proyecto de las 40 horas. Son s\u00f3lo algunos m\u00ednimos imprescindibles. No es lo suficiente, es lo m\u00ednimo.<\/p>\n\n\n\n<p>La sanci\u00f3n ejemplar a quienes han violado los DDHH durante el estado de emergencia, es tan importante como condenar la violencia, que un pu\u00f1ado de delincuentes trat\u00f3 de instalar sin \u00e9xito en la protesta social.<\/p>\n\n\n\n<p>Desconozco si la protesta social, se va a detener s\u00f3lo tomando estas decisiones.<\/p>\n\n\n\n<p>El inicio de encuentros ciudadanos, de cabildos, son fundamentales para dar cauce al torrente de peticiones, y demandas sociales. La sociedad civil los puede realizar de inmediato, m\u00e1s all\u00e1 de los mecanismos institucionales que se establezcan, para discutir una nueva constituci\u00f3n.<\/p>\n\n\n\n<p>Amigos y amigas, de octubre de 1988, a octubre de 2019, hemos avanzado bastante como pa\u00eds. Pero como sociedad, unos han ido m\u00e1s r\u00e1pido y m\u00e1s lejos que otros que se han quedado retrasados, o se han detenido. Es una deuda grande de la que tenemos que hacernos cargo.<\/p>\n\n\n\n<p>Soy Ernesto Sep\u00falveda, y espero que nos dejen vivir en paz, que podamos decidir nuestro propio destino, sin armas apuntando, con nuestras leg\u00edtimas diferencias, pero unidos en el sue\u00f1o de un mundo mejor.<\/p>\n\n\n\n<p>&nbsp;Punta Arenas, lunes 28 de octubre 2019.-<\/p>\n","protected":false},"excerpt":{"rendered":"<p>Amigos y amigas. La semana pasada se dio inicio a una movilizaci\u00f3n social hist\u00f3rica en Chile. Hist\u00f3rica porque constituyen las manifestaciones m\u00e1s masivas desde el triunfo del NO, en octubre&#8230; <a class=\"read-more\" href=\"https:\/\/www.radiopresidenteibanez.cl\/web\/el-derecho-de-vivir-en-paz-por-ernesto-sepulveda\/\">Leer m\u00e1s<\/a><\/p>\n","protected":false},"author":2,"featured_media":2310,"comment_status":"closed","ping_status":"closed","sticky":false,"template":"","format":"standard","meta":{"footnotes":""},"categories":[1],"tags":[],"class_list":["post-7828","post","type-post","status-publish","format-standard","has-post-thumbnail","hentry","category-cronica"],"_links":{"self":[{"href":"https:\/\/www.radiopresidenteibanez.cl\/web\/wp-json\/wp\/v2\/posts\/7828","targetHints":{"allow":["GET"]}}],"collection":[{"href":"https:\/\/www.radiopresidenteibanez.cl\/web\/wp-json\/wp\/v2\/posts"}],"about":[{"href":"https:\/\/www.radiopresidenteibanez.cl\/web\/wp-json\/wp\/v2\/types\/post"}],"author":[{"embeddable":true,"href":"https:\/\/www.radiopresidenteibanez.cl\/web\/wp-json\/wp\/v2\/users\/2"}],"replies":[{"embeddable":true,"href":"https:\/\/www.radiopresidenteibanez.cl\/web\/wp-json\/wp\/v2\/comments?post=7828"}],"version-history":[{"count":0,"href":"https:\/\/www.radiopresidenteibanez.cl\/web\/wp-json\/wp\/v2\/posts\/7828\/revisions"}],"wp:featuredmedia":[{"embeddable":true,"href":"https:\/\/www.radiopresidenteibanez.cl\/web\/wp-json\/wp\/v2\/media\/2310"}],"wp:attachment":[{"href":"https:\/\/www.radiopresidenteibanez.cl\/web\/wp-json\/wp\/v2\/media?parent=7828"}],"wp:term":[{"taxonomy":"category","embeddable":true,"href":"https:\/\/www.radiopresidenteibanez.cl\/web\/wp-json\/wp\/v2\/categories?post=7828"},{"taxonomy":"post_tag","embeddable":true,"href":"https:\/\/www.radiopresidenteibanez.cl\/web\/wp-json\/wp\/v2\/tags?post=7828"}],"curies":[{"name":"wp","href":"https:\/\/api.w.org\/{rel}","templated":true}]}}