{"id":7824,"date":"2019-10-28T16:15:49","date_gmt":"2019-10-28T16:15:49","guid":{"rendered":"https:\/\/www.radiopresidenteibanez.cl\/web\/?p=7824"},"modified":"2019-10-28T16:15:53","modified_gmt":"2019-10-28T16:15:53","slug":"se-concreto-el-cambio-de-gabinete-durante-este-lunes-andres-chadwick-ni-siquiera-fue-ubicado-en-otro-ministerio","status":"publish","type":"post","link":"https:\/\/www.radiopresidenteibanez.cl\/web\/se-concreto-el-cambio-de-gabinete-durante-este-lunes-andres-chadwick-ni-siquiera-fue-ubicado-en-otro-ministerio\/","title":{"rendered":"SE CONCRET\u00d3 EL CAMBIO DE GABINETE DURANTE ESTE LUNES: ANDR\u00c9S CHADWICK NI SIQUIERA FUE UBICADO EN OTRO MINISTERIO"},"content":{"rendered":"\n<p>Pasadas las 12:30 horas, el\npresidente de la rep\u00fablica, Sebasti\u00e1n Pi\u00f1era, realiz\u00f3 el cambio de Gabinete\nluego de solicitar la renuncia a todas y todos los ministros de su ahora ex\ngabinete que lo acompa\u00f1aba en su segundo periodo, la novedad y que se esperaba\nera la salida del ahora ex ministro del Interior, Andr\u00e9s Chadwick, quien ni siquiera\nfue posicionado en otro puesto, a comparaci\u00f3n de Cecilia P\u00e9rez, estos son los\ncambios realizado en este tercer cambio de gabinete;<\/p>\n\n\n\n<p><strong>Ministerio del Interior: <\/strong><\/p>\n\n\n\n<p>Entra: Gonzalo Blumel<\/p>\n\n\n\n<p>Sale: Andr\u00e9s Chadwick<\/p>\n\n\n\n<p><strong>Ministerio de Hacienda: <\/strong><\/p>\n\n\n\n<p>Entra: Ignacio Briones<\/p>\n\n\n\n<p>Sale: Felipe Larra\u00edn<\/p>\n\n\n\n<p><strong>Ministerio Secretar\u00eda General\nde Gobierno: <\/strong><\/p>\n\n\n\n<p>Entra: Karla Rubilar<\/p>\n\n\n\n<p>Sale: Cecilia P\u00e9rez<\/p>\n\n\n\n<p><strong>Ministerio Secretar\u00eda General\nde la Presidencia: <\/strong><\/p>\n\n\n\n<p>Entra: Felipe Ward.<\/p>\n\n\n\n<p>Sale: Gonzalo Blumel<\/p>\n\n\n\n<p><strong>Ministerio de Econom\u00eda: <\/strong><\/p>\n\n\n\n<p>Entra: Lucas Palacios<\/p>\n\n\n\n<p>Sale: Juan Andr\u00e9s Fontaine<\/p>\n\n\n\n<p><strong>Ministerio del Trabajo: <\/strong><\/p>\n\n\n\n<p>Entra: Mar\u00eda Jos\u00e9 Zald\u00edvar<\/p>\n\n\n\n<p>Sale: Nicol\u00e1s Monckeberg<\/p>\n\n\n\n<p><strong>Ministerio de Bienes Nacional:\n<\/strong><\/p>\n\n\n\n<p>Entra: Julio Isamit<\/p>\n\n\n\n<p>Sale: Felipe Ward<\/p>\n\n\n\n<p><strong>Ministerio del Deporte: <\/strong><\/p>\n\n\n\n<p>Entra: Cecilia P\u00e9rez<\/p>\n\n\n\n<p>Sale: Pauline Kantor<\/p>\n\n\n\n<p>Finalmente, as\u00ed queda compuesto\nel gabinete en su totalidad:<\/p>\n\n\n\n<ul class=\"wp-block-list\"><li>Interior: Gonzalo Blumel<\/li><li>Hacienda: Ignacio Briones<\/li><li>Secretar\u00eda General de Gobierno: Karla Rubilar<\/li><li>Secretar\u00eda General de la Presidencia: Felipe\nWard<\/li><li>Econom\u00eda: Lucas Palacio<\/li><li>Trabajo: Mar\u00eda Jos\u00e9 Zald\u00edvar<\/li><li>Deporte: Cecilia P\u00e9rez<\/li><li>Bienes Nacionales: Julio Isamit<\/li><li>Educaci\u00f3n: Marcela Cubillos<\/li><li>Transportes: Gloria Hutt<\/li><li>Obras P\u00fablicas: Alfredo Moreno<\/li><li>Agricultura: Antonio Walker<\/li><li>Vivienda y Urbanismo: Cristi\u00e1n Monckeberg<\/li><li>Defensa: Alberto Espina<\/li><li>Justicia: Hern\u00e1n Larra\u00edn<\/li><li>Salud: Jaime Ma\u00f1alich<\/li><li>Miner\u00eda: Baldo Prokurica<\/li><li>Energ\u00eda: Juan Carlos Jobet<\/li><li>Ciencia, Tecnolog\u00eda, Conocimiento e Innovaci\u00f3n:\nAndr\u00e9s Couve<\/li><li>Mujer y la Equidad de G\u00e9nero: Isabel Pl\u00e1<\/li><li>Relaciones Exteriores: Teodoro Ribera<\/li><li>Desarrollo Social y Familia: Bienes Nacionales:\nSebasti\u00e1n Sichel<\/li><li>Medioambiente: Carolina Schmidt<\/li><li>Culturas, Artes y el Patrimonio: Consuelo Vald\u00e9s<\/li><\/ul>\n","protected":false},"excerpt":{"rendered":"<p>Pasadas las 12:30 horas, el presidente de la rep\u00fablica, Sebasti\u00e1n Pi\u00f1era, realiz\u00f3 el cambio de Gabinete luego de solicitar la renuncia a todas y todos los ministros de su ahora&#8230; <a class=\"read-more\" href=\"https:\/\/www.radiopresidenteibanez.cl\/web\/se-concreto-el-cambio-de-gabinete-durante-este-lunes-andres-chadwick-ni-siquiera-fue-ubicado-en-otro-ministerio\/\">Leer m\u00e1s<\/a><\/p>\n","protected":false},"author":2,"featured_media":385,"comment_status":"closed","ping_status":"closed","sticky":false,"template":"","format":"standard","meta":{"footnotes":""},"categories":[5],"tags":[],"class_list":["post-7824","post","type-post","status-publish","format-standard","has-post-thumbnail","hentry","category-politica"],"_links":{"self":[{"href":"https:\/\/www.radiopresidenteibanez.cl\/web\/wp-json\/wp\/v2\/posts\/7824","targetHints":{"allow":["GET"]}}],"collection":[{"href":"https:\/\/www.radiopresidenteibanez.cl\/web\/wp-json\/wp\/v2\/posts"}],"about":[{"href":"https:\/\/www.radiopresidenteibanez.cl\/web\/wp-json\/wp\/v2\/types\/post"}],"author":[{"embeddable":true,"href":"https:\/\/www.radiopresidenteibanez.cl\/web\/wp-json\/wp\/v2\/users\/2"}],"replies":[{"embeddable":true,"href":"https:\/\/www.radiopresidenteibanez.cl\/web\/wp-json\/wp\/v2\/comments?post=7824"}],"version-history":[{"count":0,"href":"https:\/\/www.radiopresidenteibanez.cl\/web\/wp-json\/wp\/v2\/posts\/7824\/revisions"}],"wp:featuredmedia":[{"embeddable":true,"href":"https:\/\/www.radiopresidenteibanez.cl\/web\/wp-json\/wp\/v2\/media\/385"}],"wp:attachment":[{"href":"https:\/\/www.radiopresidenteibanez.cl\/web\/wp-json\/wp\/v2\/media?parent=7824"}],"wp:term":[{"taxonomy":"category","embeddable":true,"href":"https:\/\/www.radiopresidenteibanez.cl\/web\/wp-json\/wp\/v2\/categories?post=7824"},{"taxonomy":"post_tag","embeddable":true,"href":"https:\/\/www.radiopresidenteibanez.cl\/web\/wp-json\/wp\/v2\/tags?post=7824"}],"curies":[{"name":"wp","href":"https:\/\/api.w.org\/{rel}","templated":true}]}}