{"id":7776,"date":"2019-10-22T21:16:07","date_gmt":"2019-10-22T21:16:07","guid":{"rendered":"https:\/\/www.radiopresidenteibanez.cl\/web\/?p=7776"},"modified":"2019-10-22T21:16:12","modified_gmt":"2019-10-22T21:16:12","slug":"sindicato-de-trabajadores-de-la-educacion-de-la-corporacion-municipal-de-punta-arenas","status":"publish","type":"post","link":"https:\/\/www.radiopresidenteibanez.cl\/web\/sindicato-de-trabajadores-de-la-educacion-de-la-corporacion-municipal-de-punta-arenas\/","title":{"rendered":"SINDICATO DE TRABAJADORES DE LA EDUCACI\u00d3N DE LA CORPORACI\u00d3N MUNICIPAL DE PUNTA ARENAS."},"content":{"rendered":"\n<p><strong>Ante la serie de acontecimientos, manifestaciones,\nmovilizaciones que hoy d\u00eda suceden en el pa\u00eds, comuna y regi\u00f3n, El Sindicato de\nTrabajadores de la Educaci\u00f3n, que agrupa a 345 docentes de Punta Arenas, a la\nopini\u00f3n p\u00fablica se\u00f1ala:<\/strong><\/p>\n\n\n\n<p><strong>1\u00ba&nbsp; Hacemos un\nllamado urgente a adherirnos a la convocatoria a paro por los d\u00edas 23 y 24 de\nOctubre.<\/strong><\/p>\n\n\n\n<p><strong>2\u00ba&nbsp; Llamamos a\nnuestros colegas docentes a sumarnos a las marchas y otras acciones convocadas\npor las fuerzas sociales del pa\u00eds.<\/strong><\/p>\n\n\n\n<p><strong>3\u00ba As\u00ed mismo, hacemos una invitaci\u00f3n a nuestros colegas\nde salud y educaci\u00f3n que trabajan para la Corporaci\u00f3n Municipal, a constituir\nen forma urgente&nbsp; la Multigremial de\ntrabajadores&nbsp; de la CORMUPA.<\/strong><\/p>\n\n\n\n<p><strong>4\u00ba Para lograr nuestros objetivos no es necesario\nutilizar la violencia y para construir un Chile mejor, si es necesario proponer\nideas y sugerencias.<\/strong><\/p>\n\n\n\n<p><strong>ALICIA VIDAL YA\u00d1EZ&nbsp;&nbsp;&nbsp;&nbsp;&nbsp;&nbsp;&nbsp;&nbsp;&nbsp;&nbsp;&nbsp;&nbsp;&nbsp;&nbsp;&nbsp;&nbsp;&nbsp;&nbsp;&nbsp;&nbsp;&nbsp;&nbsp;&nbsp;&nbsp;&nbsp;&nbsp;&nbsp;&nbsp;&nbsp;&nbsp;&nbsp;&nbsp;&nbsp; JULIAN\nMANCILLA PEREZ<\/strong><\/p>\n\n\n\n<p><strong>&nbsp;&nbsp;&nbsp;&nbsp;\nSECRETARIA&nbsp;&nbsp;&nbsp;&nbsp;&nbsp;&nbsp;&nbsp;&nbsp;&nbsp;&nbsp;&nbsp;&nbsp;&nbsp;&nbsp;&nbsp;&nbsp;&nbsp;&nbsp;&nbsp;&nbsp;&nbsp;&nbsp;&nbsp;&nbsp;&nbsp;&nbsp;&nbsp;&nbsp;&nbsp;&nbsp;&nbsp;&nbsp;&nbsp;&nbsp;&nbsp;&nbsp;&nbsp;&nbsp;&nbsp;&nbsp;&nbsp;&nbsp;&nbsp;&nbsp;&nbsp;&nbsp;&nbsp;&nbsp;&nbsp;&nbsp;&nbsp;\nPRESIDENTE<\/strong><\/p>\n\n\n\n<p><strong>&nbsp;&nbsp;&nbsp;&nbsp;&nbsp;&nbsp;&nbsp;&nbsp;&nbsp;&nbsp;&nbsp;&nbsp;&nbsp;&nbsp;&nbsp;&nbsp;&nbsp;&nbsp;&nbsp;&nbsp;&nbsp;&nbsp;&nbsp;&nbsp;&nbsp;&nbsp;&nbsp;&nbsp;&nbsp;&nbsp;&nbsp;&nbsp;&nbsp; M\u00aa ISABEL\nESPEJO AGUAYO<\/strong><\/p>\n\n\n\n<p><strong>&nbsp;&nbsp;&nbsp;&nbsp;&nbsp;&nbsp;&nbsp;&nbsp;&nbsp;&nbsp;&nbsp;&nbsp;&nbsp;&nbsp;&nbsp;&nbsp;&nbsp;&nbsp;&nbsp;&nbsp;&nbsp;&nbsp;&nbsp;&nbsp;&nbsp;&nbsp;&nbsp;&nbsp;&nbsp;&nbsp;&nbsp;&nbsp;&nbsp;&nbsp;&nbsp;&nbsp;&nbsp;&nbsp;&nbsp;&nbsp;&nbsp;&nbsp;&nbsp;\nTESOREARA<\/strong><\/p>\n\n\n\n<p><strong>CLAUDIA GLIGO VILLARROEL&nbsp;&nbsp;&nbsp;&nbsp;&nbsp;&nbsp;&nbsp;&nbsp;&nbsp;&nbsp;&nbsp;&nbsp;&nbsp;&nbsp;&nbsp;&nbsp;&nbsp; HILDA BARRIA GALLARDO<\/strong><\/p>\n\n\n\n<p><strong>&nbsp;&nbsp;&nbsp;&nbsp;&nbsp;&nbsp;&nbsp;&nbsp; 2\u00aa DIRECTORA&nbsp;&nbsp;&nbsp;&nbsp;&nbsp;&nbsp;&nbsp;&nbsp;&nbsp;&nbsp;&nbsp;&nbsp;&nbsp;&nbsp;&nbsp;&nbsp;&nbsp;&nbsp;&nbsp;&nbsp;&nbsp;&nbsp;&nbsp;&nbsp;&nbsp;&nbsp;&nbsp;&nbsp;&nbsp;&nbsp;&nbsp;&nbsp;&nbsp;&nbsp;&nbsp;&nbsp;&nbsp;&nbsp;&nbsp;&nbsp;&nbsp; 1\u00aa\nDIRECTORA<\/strong><\/p>\n","protected":false},"excerpt":{"rendered":"<p>Ante la serie de acontecimientos, manifestaciones, movilizaciones que hoy d\u00eda suceden en el pa\u00eds, comuna y regi\u00f3n, El Sindicato de Trabajadores de la Educaci\u00f3n, que agrupa a 345 docentes de&#8230; <a class=\"read-more\" href=\"https:\/\/www.radiopresidenteibanez.cl\/web\/sindicato-de-trabajadores-de-la-educacion-de-la-corporacion-municipal-de-punta-arenas\/\">Leer m\u00e1s<\/a><\/p>\n","protected":false},"author":2,"featured_media":740,"comment_status":"closed","ping_status":"closed","sticky":false,"template":"","format":"standard","meta":{"footnotes":""},"categories":[3],"tags":[],"class_list":["post-7776","post","type-post","status-publish","format-standard","has-post-thumbnail","hentry","category-deportes"],"_links":{"self":[{"href":"https:\/\/www.radiopresidenteibanez.cl\/web\/wp-json\/wp\/v2\/posts\/7776","targetHints":{"allow":["GET"]}}],"collection":[{"href":"https:\/\/www.radiopresidenteibanez.cl\/web\/wp-json\/wp\/v2\/posts"}],"about":[{"href":"https:\/\/www.radiopresidenteibanez.cl\/web\/wp-json\/wp\/v2\/types\/post"}],"author":[{"embeddable":true,"href":"https:\/\/www.radiopresidenteibanez.cl\/web\/wp-json\/wp\/v2\/users\/2"}],"replies":[{"embeddable":true,"href":"https:\/\/www.radiopresidenteibanez.cl\/web\/wp-json\/wp\/v2\/comments?post=7776"}],"version-history":[{"count":0,"href":"https:\/\/www.radiopresidenteibanez.cl\/web\/wp-json\/wp\/v2\/posts\/7776\/revisions"}],"wp:featuredmedia":[{"embeddable":true,"href":"https:\/\/www.radiopresidenteibanez.cl\/web\/wp-json\/wp\/v2\/media\/740"}],"wp:attachment":[{"href":"https:\/\/www.radiopresidenteibanez.cl\/web\/wp-json\/wp\/v2\/media?parent=7776"}],"wp:term":[{"taxonomy":"category","embeddable":true,"href":"https:\/\/www.radiopresidenteibanez.cl\/web\/wp-json\/wp\/v2\/categories?post=7776"},{"taxonomy":"post_tag","embeddable":true,"href":"https:\/\/www.radiopresidenteibanez.cl\/web\/wp-json\/wp\/v2\/tags?post=7776"}],"curies":[{"name":"wp","href":"https:\/\/api.w.org\/{rel}","templated":true}]}}