{"id":7773,"date":"2019-10-22T20:27:26","date_gmt":"2019-10-22T20:27:26","guid":{"rendered":"https:\/\/www.radiopresidenteibanez.cl\/web\/?p=7773"},"modified":"2019-10-22T20:27:29","modified_gmt":"2019-10-22T20:27:29","slug":"cancelacion-de-clases-para-el-dia-de-manana-informan-desde-la-seremi-de-educacion","status":"publish","type":"post","link":"https:\/\/www.radiopresidenteibanez.cl\/web\/cancelacion-de-clases-para-el-dia-de-manana-informan-desde-la-seremi-de-educacion\/","title":{"rendered":"CANCELACI\u00d3N DE CLASES PARA EL D\u00cdA DE MA\u00d1ANA INFORMAN DESDE LA SEREMI DE EDUCACI\u00d3N"},"content":{"rendered":"\n<p><strong>Informamos que debido a la contingencia que enfrenta\nla regi\u00f3n y velando por la seguridad e integridad de toda la comunidad\neducativa, el funcionamiento de los establecimientos educacionales para el <\/strong><strong>MI\u00c9RCOLES<\/strong><strong>\n23 DE OCTUBRE<\/strong><strong> ser\u00e1 el siguiente:<\/strong><\/p>\n\n\n\n<ul class=\"wp-block-list\"><li><strong>SE MANTIENEN SUSPENDIDAS <\/strong>las\nclases para todos los establecimientos educacionales de la comuna de <strong>Punta\nArenas<\/strong> (municipales, particulares subvencionados y particulares pagados) niveles\nb\u00e1sica y media. Para la educaci\u00f3n parvularia, los Jardines JUNJI e INTEGRA tendr\u00e1n\nturnos \u00e9ticos para atender a los usuarios que lo requieran. Jardines VTF municipales,\njornada suspendida. Escuelas de Lenguaje, jornada suspendida. <\/li><\/ul>\n\n\n\n<ul class=\"wp-block-list\"><li><strong>SE MANTIENE JORNADA NORMAL <\/strong>de\nclases para todos los establecimientos educacionales de la comuna de <strong>Natales<\/strong>,\nniveles b\u00e1sica y media. Para la educaci\u00f3n parvularia, los Jardines JUNJI e\nINTEGRA permanecer\u00e1n abiertos para atender a los usuarios que lo requieran.\nJardines VTF y municipales, jornada normal.<\/li><\/ul>\n\n\n\n<ul class=\"wp-block-list\"><li>Los\nestablecimientos educacionales de las dem\u00e1s comunas de la regi\u00f3n tendr\u00e1n\njornada escolar<strong> NORMAL <\/strong>en todos sus niveles<strong>.<\/strong><\/li><\/ul>\n\n\n\n<ul class=\"wp-block-list\"><li><strong>JUNAEB <\/strong>dispondr\u00e1 de\nservicio de alimentaci\u00f3n a todos los estudiantes de la comuna de Punta Arenas,\ncentrando la entrega en las Escuelas Juan Williams, Portugal, Manuel Bulnes y Dellamira\nRebeca Aguilar.<\/li><\/ul>\n","protected":false},"excerpt":{"rendered":"<p>Informamos que debido a la contingencia que enfrenta la regi\u00f3n y velando por la seguridad e integridad de toda la comunidad educativa, el funcionamiento de los establecimientos educacionales para el&#8230; <a class=\"read-more\" href=\"https:\/\/www.radiopresidenteibanez.cl\/web\/cancelacion-de-clases-para-el-dia-de-manana-informan-desde-la-seremi-de-educacion\/\">Leer m\u00e1s<\/a><\/p>\n","protected":false},"author":2,"featured_media":7774,"comment_status":"closed","ping_status":"closed","sticky":false,"template":"","format":"standard","meta":{"footnotes":""},"categories":[1],"tags":[],"class_list":["post-7773","post","type-post","status-publish","format-standard","has-post-thumbnail","hentry","category-cronica"],"_links":{"self":[{"href":"https:\/\/www.radiopresidenteibanez.cl\/web\/wp-json\/wp\/v2\/posts\/7773","targetHints":{"allow":["GET"]}}],"collection":[{"href":"https:\/\/www.radiopresidenteibanez.cl\/web\/wp-json\/wp\/v2\/posts"}],"about":[{"href":"https:\/\/www.radiopresidenteibanez.cl\/web\/wp-json\/wp\/v2\/types\/post"}],"author":[{"embeddable":true,"href":"https:\/\/www.radiopresidenteibanez.cl\/web\/wp-json\/wp\/v2\/users\/2"}],"replies":[{"embeddable":true,"href":"https:\/\/www.radiopresidenteibanez.cl\/web\/wp-json\/wp\/v2\/comments?post=7773"}],"version-history":[{"count":0,"href":"https:\/\/www.radiopresidenteibanez.cl\/web\/wp-json\/wp\/v2\/posts\/7773\/revisions"}],"wp:featuredmedia":[{"embeddable":true,"href":"https:\/\/www.radiopresidenteibanez.cl\/web\/wp-json\/wp\/v2\/media\/7774"}],"wp:attachment":[{"href":"https:\/\/www.radiopresidenteibanez.cl\/web\/wp-json\/wp\/v2\/media?parent=7773"}],"wp:term":[{"taxonomy":"category","embeddable":true,"href":"https:\/\/www.radiopresidenteibanez.cl\/web\/wp-json\/wp\/v2\/categories?post=7773"},{"taxonomy":"post_tag","embeddable":true,"href":"https:\/\/www.radiopresidenteibanez.cl\/web\/wp-json\/wp\/v2\/tags?post=7773"}],"curies":[{"name":"wp","href":"https:\/\/api.w.org\/{rel}","templated":true}]}}