{"id":7768,"date":"2019-10-22T19:33:45","date_gmt":"2019-10-22T19:33:45","guid":{"rendered":"https:\/\/www.radiopresidenteibanez.cl\/web\/?p=7768"},"modified":"2019-10-22T19:33:52","modified_gmt":"2019-10-22T19:33:52","slug":"masoneria-llama-a-acoger-las-demandas-ciudadanas","status":"publish","type":"post","link":"https:\/\/www.radiopresidenteibanez.cl\/web\/masoneria-llama-a-acoger-las-demandas-ciudadanas\/","title":{"rendered":"MASONER\u00cdA LLAMA A ACOGER LAS DEMANDAS CIUDADANAS"},"content":{"rendered":"\n<p>La Masoner\u00eda cree profundamente en la democracia, en el di\u00e1logo y en la legalidad, como los pilares de nuestra convivencia pac\u00edfica, y es por ello que invita a aunar voluntades para dar gobernabilidad a la crisis.<\/p>\n\n\n\n<p>La Gran Logia de Chile&nbsp;insta a quienes ejercen cargos o liderazgos de responsabilidad pol\u00edtica, social, gremial o institucional, m\u00e1s all\u00e1 de sus leg\u00edtimas diferencias y visiones, a iniciar a un an\u00e1lisis profundo de las razones que subyacen en esta situaci\u00f3n social que vivimos.<\/p>\n\n\n\n<p>\u00abHago un llamado al gobierno para que demuestre su sensibilidad social ante los problemas que plantea la ciudadana, a todos nuestros dirigentes pol\u00edticos &nbsp;para que acojan las demandas y a la oposici\u00f3n para que demuestre la disponibilidad al di\u00e1logo que Chile necesita\u00bb, sostuvo Jans P\u00e9rez.<\/p>\n\n\n\n<p>Hay que abordar una ruta para superar las desigualdades y cualquier manifestaci\u00f3n de abuso contra los que cotidianamente contribuyen con su trabajo honesto y con sacrificio al progreso del pa\u00eds.<\/p>\n\n\n\n<p>La Gran Logia de Chile, en el \u00e1mbito de su competencia, est\u00e1 dispuesta a contribuir para que retomemos nuestro camino democr\u00e1tico, en arm\u00f3nica convivencia con la ciudadan\u00eda, pero con una voluntad decidida sustentada en la justicia y la paz social.<\/p>\n","protected":false},"excerpt":{"rendered":"<p>La Masoner\u00eda cree profundamente en la democracia, en el di\u00e1logo y en la legalidad, como los pilares de nuestra convivencia pac\u00edfica, y es por ello que invita a aunar voluntades&#8230; <a class=\"read-more\" href=\"https:\/\/www.radiopresidenteibanez.cl\/web\/masoneria-llama-a-acoger-las-demandas-ciudadanas\/\">Leer m\u00e1s<\/a><\/p>\n","protected":false},"author":2,"featured_media":7770,"comment_status":"closed","ping_status":"closed","sticky":false,"template":"","format":"standard","meta":{"footnotes":""},"categories":[1],"tags":[],"class_list":["post-7768","post","type-post","status-publish","format-standard","has-post-thumbnail","hentry","category-cronica"],"_links":{"self":[{"href":"https:\/\/www.radiopresidenteibanez.cl\/web\/wp-json\/wp\/v2\/posts\/7768","targetHints":{"allow":["GET"]}}],"collection":[{"href":"https:\/\/www.radiopresidenteibanez.cl\/web\/wp-json\/wp\/v2\/posts"}],"about":[{"href":"https:\/\/www.radiopresidenteibanez.cl\/web\/wp-json\/wp\/v2\/types\/post"}],"author":[{"embeddable":true,"href":"https:\/\/www.radiopresidenteibanez.cl\/web\/wp-json\/wp\/v2\/users\/2"}],"replies":[{"embeddable":true,"href":"https:\/\/www.radiopresidenteibanez.cl\/web\/wp-json\/wp\/v2\/comments?post=7768"}],"version-history":[{"count":0,"href":"https:\/\/www.radiopresidenteibanez.cl\/web\/wp-json\/wp\/v2\/posts\/7768\/revisions"}],"wp:featuredmedia":[{"embeddable":true,"href":"https:\/\/www.radiopresidenteibanez.cl\/web\/wp-json\/wp\/v2\/media\/7770"}],"wp:attachment":[{"href":"https:\/\/www.radiopresidenteibanez.cl\/web\/wp-json\/wp\/v2\/media?parent=7768"}],"wp:term":[{"taxonomy":"category","embeddable":true,"href":"https:\/\/www.radiopresidenteibanez.cl\/web\/wp-json\/wp\/v2\/categories?post=7768"},{"taxonomy":"post_tag","embeddable":true,"href":"https:\/\/www.radiopresidenteibanez.cl\/web\/wp-json\/wp\/v2\/tags?post=7768"}],"curies":[{"name":"wp","href":"https:\/\/api.w.org\/{rel}","templated":true}]}}