{"id":7765,"date":"2019-10-22T19:26:50","date_gmt":"2019-10-22T19:26:50","guid":{"rendered":"https:\/\/www.radiopresidenteibanez.cl\/web\/?p=7765"},"modified":"2019-10-22T19:26:53","modified_gmt":"2019-10-22T19:26:53","slug":"gasco-informa-cierre-de-oficinas-en-punta-arenas-por-danos-durante-manifestaciones","status":"publish","type":"post","link":"https:\/\/www.radiopresidenteibanez.cl\/web\/gasco-informa-cierre-de-oficinas-en-punta-arenas-por-danos-durante-manifestaciones\/","title":{"rendered":"GASCO INFORMA CIERRE DE OFICINAS EN PUNTA ARENAS POR DA\u00d1OS DURANTE MANIFESTACIONES"},"content":{"rendered":"\n<p>Debido a los da\u00f1os que sufri\u00f3 nuestra oficina comercial ubicada en calle O\u2019Higgins N\u00b0860 en Punta Arenas durante los disturbios de ayer en la noche, Gasco informa que \u00e9sta se encontrar\u00e1 cerrada, sin atenci\u00f3n a clientes hasta que puedan realizarse las reparaciones necesarias que nos permitan volver a atender con normalidad.<\/p>\n\n\n\n<p>La empresa lamenta los inconvenientes que esta situaci\u00f3n pueda provocar en nuestros clientes. Asimismo, se invita a utilizar los servicios online disponibles en&nbsp;<a href=\"http:\/\/www.gascomagallanes.cl\/\" target=\"_blank\" rel=\"noreferrer noopener\">www.gascomagallanes.cl<\/a><\/p>\n","protected":false},"excerpt":{"rendered":"<p>Debido a los da\u00f1os que sufri\u00f3 nuestra oficina comercial ubicada en calle O\u2019Higgins N\u00b0860 en Punta Arenas durante los disturbios de ayer en la noche, Gasco informa que \u00e9sta se&#8230; <a class=\"read-more\" href=\"https:\/\/www.radiopresidenteibanez.cl\/web\/gasco-informa-cierre-de-oficinas-en-punta-arenas-por-danos-durante-manifestaciones\/\">Leer m\u00e1s<\/a><\/p>\n","protected":false},"author":2,"featured_media":7766,"comment_status":"closed","ping_status":"closed","sticky":false,"template":"","format":"standard","meta":{"footnotes":""},"categories":[1],"tags":[],"class_list":["post-7765","post","type-post","status-publish","format-standard","has-post-thumbnail","hentry","category-cronica"],"_links":{"self":[{"href":"https:\/\/www.radiopresidenteibanez.cl\/web\/wp-json\/wp\/v2\/posts\/7765","targetHints":{"allow":["GET"]}}],"collection":[{"href":"https:\/\/www.radiopresidenteibanez.cl\/web\/wp-json\/wp\/v2\/posts"}],"about":[{"href":"https:\/\/www.radiopresidenteibanez.cl\/web\/wp-json\/wp\/v2\/types\/post"}],"author":[{"embeddable":true,"href":"https:\/\/www.radiopresidenteibanez.cl\/web\/wp-json\/wp\/v2\/users\/2"}],"replies":[{"embeddable":true,"href":"https:\/\/www.radiopresidenteibanez.cl\/web\/wp-json\/wp\/v2\/comments?post=7765"}],"version-history":[{"count":0,"href":"https:\/\/www.radiopresidenteibanez.cl\/web\/wp-json\/wp\/v2\/posts\/7765\/revisions"}],"wp:featuredmedia":[{"embeddable":true,"href":"https:\/\/www.radiopresidenteibanez.cl\/web\/wp-json\/wp\/v2\/media\/7766"}],"wp:attachment":[{"href":"https:\/\/www.radiopresidenteibanez.cl\/web\/wp-json\/wp\/v2\/media?parent=7765"}],"wp:term":[{"taxonomy":"category","embeddable":true,"href":"https:\/\/www.radiopresidenteibanez.cl\/web\/wp-json\/wp\/v2\/categories?post=7765"},{"taxonomy":"post_tag","embeddable":true,"href":"https:\/\/www.radiopresidenteibanez.cl\/web\/wp-json\/wp\/v2\/tags?post=7765"}],"curies":[{"name":"wp","href":"https:\/\/api.w.org\/{rel}","templated":true}]}}