{"id":7761,"date":"2019-10-22T19:24:59","date_gmt":"2019-10-22T19:24:59","guid":{"rendered":"https:\/\/www.radiopresidenteibanez.cl\/web\/?p=7761"},"modified":"2019-10-22T19:25:51","modified_gmt":"2019-10-22T19:25:51","slug":"prtidos-de-la-oposicion-a-la-opinion-publica-por-situaciones-en-el-pais-proclama-por-la-dignidad-magallanes","status":"publish","type":"post","link":"https:\/\/www.radiopresidenteibanez.cl\/web\/prtidos-de-la-oposicion-a-la-opinion-publica-por-situaciones-en-el-pais-proclama-por-la-dignidad-magallanes\/","title":{"rendered":"PARTIDOS DE LA OPOSICI\u00d3N A LA OPINI\u00d3N P\u00daBLICA POR SITUACIONES EN EL PA\u00cdS: PROCLAMA POR LA DIGNIDAD, MAGALLANES"},"content":{"rendered":"\n<p>Sr. Presidente,\nSebasti\u00e1n Pi\u00f1era Eche\u00f1ique, no estamos en guerra. No queremos estar guerra. Queremos\ndignidad. Dignidad personal y dignidad colectiva. Justicia social. Nada m\u00e1s y\nnada menos. Queremos las libertades que nos quit\u00f3 el Estado de Emergencia.\nQueremos belleza. No queremos miedo, ni horror. No queremos recuentos de\nfallecidos, de heridos y detenidos, no queremos cifras de da\u00f1os materiales,\nlocales saqueados o incendiados. Queremos paz y respuestas pol\u00edticas a\nproblemas pol\u00edticos.<\/p>\n\n\n\n<p>Queremos solidaridad. Queremos educaci\u00f3n y salud dignas.\nQue ambas sean p\u00fablicas y de calidad, sin diferencia alguna para ricos o\npobres. Queremos igualdad de oportunidades; si bien es normal que de acuerdo\ncon diversos factores algunas personas tengan mejor ingreso que otras no es\njusto que la diferencia sea 10, 20, 30 o m\u00e1s veces superior al sueldo m\u00ednimo.\nEsa diferencia es obscena.<\/p>\n\n\n\n<p>Tambi\u00e9n queremos que\nlas personas que saquean e incendian, dejen de hacerlo por dignidad, no por\nrepresi\u00f3n. Pero decirlo de esa forma parece tan iluso como como pedir clases de\n\u00e9tica a saqueadores profesionales: empresarios, industriales, banqueros,\npol\u00edticos, curas, pastores, jueces, militares, carabineros, acad\u00e9micos y un\nlargo etc\u00e9tera con nombre y apellido, que traicionan la fe p\u00fablica de manera\ndesvergonzada. Eso tambi\u00e9n es grave Sr. Presidente. Much\u00edsimo m\u00e1s grave porque\nsaquean la confianza de las instituciones que representan e incendian el\nesp\u00edritu de la Rep\u00fablica. <\/p>\n\n\n\n<p>Queremos que Chile crea\nen la verdad y mire con escepticismo esta guerra inventada; no es una cruzada, ni\nusted un noble caballero al rescate de los vulnerables y las capas medias. Sabemos\nque la sobreexplotaci\u00f3n noticiosa es fruto del inter\u00e9s por adue\u00f1arse del pensamiento\ny la opini\u00f3n ciudadana. Cabe recordar que su Gobierno representa s\u00f3lo el 26%\ndel electorado. La gran mayor\u00eda no vot\u00f3 por usted, ni por su adversario, el\nproblema es m\u00e1s de fondo, pero no tenga la pretensi\u00f3n con ese nivel de\nrepresentaci\u00f3n, de arrastrar a todo un pa\u00eds a su guerra personal.<\/p>\n\n\n\n<p>En vez de eso, queremos\nescuchar propuestas para acabar con las desigualdades y abusos existentes. Queremos\nplanteamientos para una nueva Constituci\u00f3n Pol\u00edtica. Queremos una se\u00f1al de\nhumildad y empat\u00eda con las demandas sociales: baje el sueldo de autoridades\npol\u00edticas y limite la reelecci\u00f3n indefinida de los parlamentarios.<\/p>\n\n\n\n<p>Queremos un sistema\nde impuestos desintegrado para que los que m\u00e1s tienen, aporten m\u00e1s al\ndesarrollo de todos. Queremos que se rebaje el IVA. Queremos aportar a un\nsistema de seguridad social que asegure la dignidad de nuestros padres y\nabuelos. Queremos pensiones dignas ahora y no seguir condenando a la tercera\nedad a la pobreza. Queremos la nacionalizaci\u00f3n de los recursos como el agua,\ncobre y litio, que permitir\u00edan generar condiciones de dignidad a los chilenos\nen materias de salud, educaci\u00f3n y vivienda.&nbsp;\nQueremos ver a la ciudadan\u00eda participar, opinar y proponer ideas para\ndarnos un mejor destino, queremos verla manifestarse de forma pac\u00edfica como\nhasta ahora, y admirar la capacidad de organizaci\u00f3n y consciencia, como la de aquellos\nvecinos que limpian sus estaciones de metro destruidas. <\/p>\n\n\n\n<p>La dignidad es poder.\nY la dignidad es el horizonte que queremos alcanzar, con participaci\u00f3n y decisi\u00f3n\nsobre los cambios sociales que necesitamos en Chile. \u00a1Viva Chile! \u00a1Vivan sus\nregiones! \u00a1Vivan sus pueblos! \u00a1Vivan los que quieren un presente y un futuro\ndigno y en paz!&nbsp; &nbsp;<\/p>\n","protected":false},"excerpt":{"rendered":"<p>Sr. Presidente, Sebasti\u00e1n Pi\u00f1era Eche\u00f1ique, no estamos en guerra. No queremos estar guerra. Queremos dignidad. Dignidad personal y dignidad colectiva. Justicia social. Nada m\u00e1s y nada menos. Queremos las libertades&#8230; <a class=\"read-more\" href=\"https:\/\/www.radiopresidenteibanez.cl\/web\/prtidos-de-la-oposicion-a-la-opinion-publica-por-situaciones-en-el-pais-proclama-por-la-dignidad-magallanes\/\">Leer m\u00e1s<\/a><\/p>\n","protected":false},"author":2,"featured_media":7719,"comment_status":"closed","ping_status":"closed","sticky":false,"template":"","format":"standard","meta":{"footnotes":""},"categories":[1],"tags":[],"class_list":["post-7761","post","type-post","status-publish","format-standard","has-post-thumbnail","hentry","category-cronica"],"_links":{"self":[{"href":"https:\/\/www.radiopresidenteibanez.cl\/web\/wp-json\/wp\/v2\/posts\/7761","targetHints":{"allow":["GET"]}}],"collection":[{"href":"https:\/\/www.radiopresidenteibanez.cl\/web\/wp-json\/wp\/v2\/posts"}],"about":[{"href":"https:\/\/www.radiopresidenteibanez.cl\/web\/wp-json\/wp\/v2\/types\/post"}],"author":[{"embeddable":true,"href":"https:\/\/www.radiopresidenteibanez.cl\/web\/wp-json\/wp\/v2\/users\/2"}],"replies":[{"embeddable":true,"href":"https:\/\/www.radiopresidenteibanez.cl\/web\/wp-json\/wp\/v2\/comments?post=7761"}],"version-history":[{"count":0,"href":"https:\/\/www.radiopresidenteibanez.cl\/web\/wp-json\/wp\/v2\/posts\/7761\/revisions"}],"wp:featuredmedia":[{"embeddable":true,"href":"https:\/\/www.radiopresidenteibanez.cl\/web\/wp-json\/wp\/v2\/media\/7719"}],"wp:attachment":[{"href":"https:\/\/www.radiopresidenteibanez.cl\/web\/wp-json\/wp\/v2\/media?parent=7761"}],"wp:term":[{"taxonomy":"category","embeddable":true,"href":"https:\/\/www.radiopresidenteibanez.cl\/web\/wp-json\/wp\/v2\/categories?post=7761"},{"taxonomy":"post_tag","embeddable":true,"href":"https:\/\/www.radiopresidenteibanez.cl\/web\/wp-json\/wp\/v2\/tags?post=7761"}],"curies":[{"name":"wp","href":"https:\/\/api.w.org\/{rel}","templated":true}]}}