{"id":7758,"date":"2019-10-22T19:19:36","date_gmt":"2019-10-22T19:19:36","guid":{"rendered":"https:\/\/www.radiopresidenteibanez.cl\/web\/?p=7758"},"modified":"2019-10-22T19:19:40","modified_gmt":"2019-10-22T19:19:40","slug":"se-oficializo-a-traves-del-diario-oficial-el-estado-de-emergencia-para-puerto-natales","status":"publish","type":"post","link":"https:\/\/www.radiopresidenteibanez.cl\/web\/se-oficializo-a-traves-del-diario-oficial-el-estado-de-emergencia-para-puerto-natales\/","title":{"rendered":"SE OFICIALIZ\u00d3 A TRAV\u00c9S DEL DIARIO OFICIAL EL ESTADO DE EMERGENCIA PARA PUERTO NATALES"},"content":{"rendered":"\n<p>Durante las primeras horas de esta tarde, a trav\u00e9s del Diario\nOficial se oficializ\u00f3 el Estado de Emergencia para la ciudad de Punta Arenas,\nla cual fue solicitada por las autoridades de la provincia de \u00daltima Esperanza y\nel Intendente Jos\u00e9 Fern\u00e1ndez.<\/p>\n\n\n\n<p>Hasta el momento se desconoce cuanto seria la cantidad de efectivos\nmilitares que saldr\u00e1n a las calles natalinas, manifestar que hasta el lugar\nllegar\u00eda el General Jorge Pe\u00f1a y la m\u00e1xima autoridad regional de Magallanes.<\/p>\n","protected":false},"excerpt":{"rendered":"<p>Durante las primeras horas de esta tarde, a trav\u00e9s del Diario Oficial se oficializ\u00f3 el Estado de Emergencia para la ciudad de Punta Arenas, la cual fue solicitada por las&#8230; <a class=\"read-more\" href=\"https:\/\/www.radiopresidenteibanez.cl\/web\/se-oficializo-a-traves-del-diario-oficial-el-estado-de-emergencia-para-puerto-natales\/\">Leer m\u00e1s<\/a><\/p>\n","protected":false},"author":2,"featured_media":7759,"comment_status":"closed","ping_status":"closed","sticky":false,"template":"","format":"standard","meta":{"footnotes":""},"categories":[1],"tags":[],"class_list":["post-7758","post","type-post","status-publish","format-standard","has-post-thumbnail","hentry","category-cronica"],"_links":{"self":[{"href":"https:\/\/www.radiopresidenteibanez.cl\/web\/wp-json\/wp\/v2\/posts\/7758","targetHints":{"allow":["GET"]}}],"collection":[{"href":"https:\/\/www.radiopresidenteibanez.cl\/web\/wp-json\/wp\/v2\/posts"}],"about":[{"href":"https:\/\/www.radiopresidenteibanez.cl\/web\/wp-json\/wp\/v2\/types\/post"}],"author":[{"embeddable":true,"href":"https:\/\/www.radiopresidenteibanez.cl\/web\/wp-json\/wp\/v2\/users\/2"}],"replies":[{"embeddable":true,"href":"https:\/\/www.radiopresidenteibanez.cl\/web\/wp-json\/wp\/v2\/comments?post=7758"}],"version-history":[{"count":0,"href":"https:\/\/www.radiopresidenteibanez.cl\/web\/wp-json\/wp\/v2\/posts\/7758\/revisions"}],"wp:featuredmedia":[{"embeddable":true,"href":"https:\/\/www.radiopresidenteibanez.cl\/web\/wp-json\/wp\/v2\/media\/7759"}],"wp:attachment":[{"href":"https:\/\/www.radiopresidenteibanez.cl\/web\/wp-json\/wp\/v2\/media?parent=7758"}],"wp:term":[{"taxonomy":"category","embeddable":true,"href":"https:\/\/www.radiopresidenteibanez.cl\/web\/wp-json\/wp\/v2\/categories?post=7758"},{"taxonomy":"post_tag","embeddable":true,"href":"https:\/\/www.radiopresidenteibanez.cl\/web\/wp-json\/wp\/v2\/tags?post=7758"}],"curies":[{"name":"wp","href":"https:\/\/api.w.org\/{rel}","templated":true}]}}