{"id":7755,"date":"2019-10-22T15:10:59","date_gmt":"2019-10-22T15:10:59","guid":{"rendered":"https:\/\/www.radiopresidenteibanez.cl\/web\/?p=7755"},"modified":"2019-10-22T15:11:03","modified_gmt":"2019-10-22T15:11:03","slug":"la-sombra-de-la-dictadura-por-pablo-cruz","status":"publish","type":"post","link":"https:\/\/www.radiopresidenteibanez.cl\/web\/la-sombra-de-la-dictadura-por-pablo-cruz\/","title":{"rendered":"LA SOMBRA DE LA DICTADURA por PABLO CRUZ"},"content":{"rendered":"\n<p>Como una jornada sin precedentes calific\u00f3 el diario\n\u201cEl Mercurio\u201d los actos de protestas que culminaron&nbsp; gran violencia el pasado viernes 18.<\/p>\n\n\n\n<p>El mismo d\u00eda, lo desment\u00eda el diario \u201cLa Tercera\u201d\nrecordando precedentes, hechos similares ocurridos los a\u00f1os 1946, gobierno de\nGonz\u00e1lez Videla, y 1957, gobierno de Ib\u00e1\u00f1ez. \u00bfLas causas? Las mismas, alza de\npasajes colectivos.<\/p>\n\n\n\n<p>Sin dudas que en el vandalismo de la noche de ese\nviernes estuvo la mano de la delincuencia, que siempre se aprovecha de las\nmanifestaciones ciudadanas. Por lo que, de acuerdo al m\u00e9todo socr\u00e1tico, si no\nhubiera protestas, no habr\u00eda aprovechamiento delictual.<\/p>\n\n\n\n<p>\u00bfY por qu\u00e9 las protestas m\u00e1s masivas y que derivan en\nviolencia se gatillan por alzas de pasajes? Porque son la gota que colma el\nvaso.<\/p>\n\n\n\n<p>Porque una ciudadan\u00eda abrumada por las deudas, con un\nsistema de pensiones que convierte en pobres a los jubilados, porque los\nsistemas de salud son insuficientes, porque los sistemas de protecci\u00f3n de\nmenores se convierten en peligro hasta de muerte para esos menores, porque los\npoderosos, pol\u00edticos, militares, carabineros, roban al fisco sin mayores\nconsecuencias, terminan por aburrir a la ciudadan\u00eda.<\/p>\n\n\n\n<p>Porque es una ciudadan\u00eda que vive en un&nbsp; pa\u00eds sin equidad, en el que los poderosos,\nlos pol\u00edticos, los gobernantes, viven otra vida, sin usar, por ejemplo, la\nlocomoci\u00f3n colectiva que usa el ciudadano com\u00fan y para el cual un alza de\ntarifas en servicios p\u00fablicos significa parte importante de sus ingresos,\nespecialmente los adultos mayores. <\/p>\n\n\n\n<p>Prueba de esta falta de equidad es que mientras la\ngente com\u00fan reclamaba contra el alza de los pasajes, mientras la gente sufr\u00eda\npor no poder llegar a sus casas, el presidente cenaba tranquilamente en un\nrestaurante al que hab\u00eda llegado obviamente sin problemas de movilizaci\u00f3n, ya\nque, seg\u00fan la vocera de gobierno, el presidente es un ser humano, pero no de la\nmisma calidad humana de los que protagonizaron protestas espont\u00e1neas.<\/p>\n\n\n\n<p>La respuesta del gobierno contra la protesta ciudadana\nfue decretar estado de sitio y llamar al Ej\u00e9rcito, amenazando a la gente con la\nsombra del actuar militar contra los civiles en los a\u00f1os de la dictadura.<\/p>\n","protected":false},"excerpt":{"rendered":"<p>Como una jornada sin precedentes calific\u00f3 el diario \u201cEl Mercurio\u201d los actos de protestas que culminaron&nbsp; gran violencia el pasado viernes 18. El mismo d\u00eda, lo desment\u00eda el diario \u201cLa&#8230; <a class=\"read-more\" href=\"https:\/\/www.radiopresidenteibanez.cl\/web\/la-sombra-de-la-dictadura-por-pablo-cruz\/\">Leer m\u00e1s<\/a><\/p>\n","protected":false},"author":2,"featured_media":6141,"comment_status":"closed","ping_status":"closed","sticky":false,"template":"","format":"standard","meta":{"footnotes":""},"categories":[1],"tags":[],"class_list":["post-7755","post","type-post","status-publish","format-standard","has-post-thumbnail","hentry","category-cronica"],"_links":{"self":[{"href":"https:\/\/www.radiopresidenteibanez.cl\/web\/wp-json\/wp\/v2\/posts\/7755","targetHints":{"allow":["GET"]}}],"collection":[{"href":"https:\/\/www.radiopresidenteibanez.cl\/web\/wp-json\/wp\/v2\/posts"}],"about":[{"href":"https:\/\/www.radiopresidenteibanez.cl\/web\/wp-json\/wp\/v2\/types\/post"}],"author":[{"embeddable":true,"href":"https:\/\/www.radiopresidenteibanez.cl\/web\/wp-json\/wp\/v2\/users\/2"}],"replies":[{"embeddable":true,"href":"https:\/\/www.radiopresidenteibanez.cl\/web\/wp-json\/wp\/v2\/comments?post=7755"}],"version-history":[{"count":0,"href":"https:\/\/www.radiopresidenteibanez.cl\/web\/wp-json\/wp\/v2\/posts\/7755\/revisions"}],"wp:featuredmedia":[{"embeddable":true,"href":"https:\/\/www.radiopresidenteibanez.cl\/web\/wp-json\/wp\/v2\/media\/6141"}],"wp:attachment":[{"href":"https:\/\/www.radiopresidenteibanez.cl\/web\/wp-json\/wp\/v2\/media?parent=7755"}],"wp:term":[{"taxonomy":"category","embeddable":true,"href":"https:\/\/www.radiopresidenteibanez.cl\/web\/wp-json\/wp\/v2\/categories?post=7755"},{"taxonomy":"post_tag","embeddable":true,"href":"https:\/\/www.radiopresidenteibanez.cl\/web\/wp-json\/wp\/v2\/tags?post=7755"}],"curies":[{"name":"wp","href":"https:\/\/api.w.org\/{rel}","templated":true}]}}