{"id":7753,"date":"2019-10-22T14:42:00","date_gmt":"2019-10-22T14:42:00","guid":{"rendered":"https:\/\/www.radiopresidenteibanez.cl\/web\/?p=7753"},"modified":"2019-10-22T14:42:04","modified_gmt":"2019-10-22T14:42:04","slug":"senadora-goic-hace-llamado-a-condenar-hechos-de-violencia-y-llama-al-presidente-pinera-a-terminar-con-el-lenguaje-belico-que-no-contribuye-a-aplacar-la-crisis-que-vive-el-pais","status":"publish","type":"post","link":"https:\/\/www.radiopresidenteibanez.cl\/web\/senadora-goic-hace-llamado-a-condenar-hechos-de-violencia-y-llama-al-presidente-pinera-a-terminar-con-el-lenguaje-belico-que-no-contribuye-a-aplacar-la-crisis-que-vive-el-pais\/","title":{"rendered":"SENADORA GOIC HACE LLAMADO A CONDENAR HECHOS DE VIOLENCIA Y LLAMA AL PRESIDENTE PI\u00d1ERA A TERMINAR CON EL LENGUAJE B\u00c9LICO QUE NO CONTRIBUYE A APLACAR LA CRISIS QUE VIVE EL PA\u00cdS"},"content":{"rendered":"\n<p>Su m\u00e1s en\u00e9rgico rechazo a los hechos vand\u00e1licos que se registraron el d\u00eda\nde ayer en las calles de Punta Arenas, manifest\u00f3 la senadora Carolina Goic,\nqui\u00e9n debi\u00f3 trasladarse a la sede del Congreso en Valpara\u00edso para votar el\nproyecto de ley que anula el alza al pasaje del Metro que hab\u00eda anunciado el\nGobierno y que desat\u00f3 una fuerte respuesta social.<\/p>\n\n\n\n<p>\u201cCon mucha fuerza quiero condenar de la manera m\u00e1s en\u00e9rgica los hechos\nvand\u00e1licos que afectaron en el d\u00eda de ayer las calles de Punta Arenas. Una cosa\nes la leg\u00edtima protesta pac\u00edfica que nos interpela a todas las autoridades y\notra muy distinta es destruir propiedad p\u00fablica y privada que no contribuye en\nnada a solucionar la crisis que estamos atravesando en el pa\u00eds y la regi\u00f3n\u201d,\ndijo Goic.<\/p>\n\n\n\n<p>La parlamentaria agreg\u00f3 que haber revertido el alza en el pasaje del Metro\nno es suficiente para dar respuesta a las demandas sociales que claman por\ncambios m\u00e1s profundos en el modelo econ\u00f3mico que somete a la mayor\u00eda de la\npoblaci\u00f3n a situaciones de abuso en las pensiones, la salud, y las AFP, entre\notros temas.<\/p>\n\n\n\n<p>\u201cLo del Metro claramente no es suficiente y lo que corresponde ahora es que\nel Gobierno modifique su agenda legislativa y se enfoque en dar respuestas\nconcretas a las demandas legitimas de la ciudadan\u00eda que se cans\u00f3 de los abusos.\nPara eso estamos disponibles\u201d, precis\u00f3 Goic.<\/p>\n\n\n\n<p><strong>Emplazamiento a Pi\u00f1era<\/strong><\/p>\n\n\n\n<p>De igual manera, Goic emplaz\u00f3 al Presidente Pi\u00f1era a terminar con el\nlenguaje y el tono que ha utilizado hasta ahora para dirigirse a la ciudadan\u00eda.\n\u201cCuando usted habla de que en Chile hay una guerra claramente no est\u00e1\ncontribuyendo a aplacar los \u00e1nimos de la gente que quiere que esta situaci\u00f3n de\nanormalidad sea prontamente superada\u201d, explic\u00f3 la senadora, quien agreg\u00f3 que\nconfiaba en que las y los magall\u00e1nicos puedan expresarse de manera pac\u00edfica\u201d.<\/p>\n","protected":false},"excerpt":{"rendered":"<p>Su m\u00e1s en\u00e9rgico rechazo a los hechos vand\u00e1licos que se registraron el d\u00eda de ayer en las calles de Punta Arenas, manifest\u00f3 la senadora Carolina Goic, qui\u00e9n debi\u00f3 trasladarse a&#8230; <a class=\"read-more\" href=\"https:\/\/www.radiopresidenteibanez.cl\/web\/senadora-goic-hace-llamado-a-condenar-hechos-de-violencia-y-llama-al-presidente-pinera-a-terminar-con-el-lenguaje-belico-que-no-contribuye-a-aplacar-la-crisis-que-vive-el-pais\/\">Leer m\u00e1s<\/a><\/p>\n","protected":false},"author":2,"featured_media":3734,"comment_status":"closed","ping_status":"closed","sticky":false,"template":"","format":"standard","meta":{"footnotes":""},"categories":[1],"tags":[],"class_list":["post-7753","post","type-post","status-publish","format-standard","has-post-thumbnail","hentry","category-cronica"],"_links":{"self":[{"href":"https:\/\/www.radiopresidenteibanez.cl\/web\/wp-json\/wp\/v2\/posts\/7753","targetHints":{"allow":["GET"]}}],"collection":[{"href":"https:\/\/www.radiopresidenteibanez.cl\/web\/wp-json\/wp\/v2\/posts"}],"about":[{"href":"https:\/\/www.radiopresidenteibanez.cl\/web\/wp-json\/wp\/v2\/types\/post"}],"author":[{"embeddable":true,"href":"https:\/\/www.radiopresidenteibanez.cl\/web\/wp-json\/wp\/v2\/users\/2"}],"replies":[{"embeddable":true,"href":"https:\/\/www.radiopresidenteibanez.cl\/web\/wp-json\/wp\/v2\/comments?post=7753"}],"version-history":[{"count":0,"href":"https:\/\/www.radiopresidenteibanez.cl\/web\/wp-json\/wp\/v2\/posts\/7753\/revisions"}],"wp:featuredmedia":[{"embeddable":true,"href":"https:\/\/www.radiopresidenteibanez.cl\/web\/wp-json\/wp\/v2\/media\/3734"}],"wp:attachment":[{"href":"https:\/\/www.radiopresidenteibanez.cl\/web\/wp-json\/wp\/v2\/media?parent=7753"}],"wp:term":[{"taxonomy":"category","embeddable":true,"href":"https:\/\/www.radiopresidenteibanez.cl\/web\/wp-json\/wp\/v2\/categories?post=7753"},{"taxonomy":"post_tag","embeddable":true,"href":"https:\/\/www.radiopresidenteibanez.cl\/web\/wp-json\/wp\/v2\/tags?post=7753"}],"curies":[{"name":"wp","href":"https:\/\/api.w.org\/{rel}","templated":true}]}}