{"id":7751,"date":"2019-10-22T14:06:38","date_gmt":"2019-10-22T14:06:38","guid":{"rendered":"https:\/\/www.radiopresidenteibanez.cl\/web\/?p=7751"},"modified":"2019-10-22T14:06:41","modified_gmt":"2019-10-22T14:06:41","slug":"declaracion-colegio-de-periodistas-de-magallanes","status":"publish","type":"post","link":"https:\/\/www.radiopresidenteibanez.cl\/web\/declaracion-colegio-de-periodistas-de-magallanes\/","title":{"rendered":"DECLARACI\u00d3N COLEGIO DE PERIODISTAS DE MAGALLANES"},"content":{"rendered":"\n<p>El Colegio de Periodistas de Magallanes rechaza el di\u00e1logo con pistola, la militarizaci\u00f3n del pa\u00eds y todas las declaraciones que intentan confundir y banalizar las justas demandas sociales que vive nuestra sociedad, asfixiada hace d\u00e9cadas por un modelo que construye desigualdades y lidera la brecha econ\u00f3mica m\u00e1s injusta de Latinoam\u00e9rica.&nbsp; Se trata de una expresi\u00f3n que deteriora y afecta los \u00e1mbitos m\u00e1s sensibles y b\u00e1sicos de la vida: salud, educaci\u00f3n, transporte, jubilaci\u00f3n, trabajo, derechos humanos, igualdad de g\u00e9nero y medio ambiente.<\/p>\n\n\n\n<p>En este contexto, creemos que los estados de excepci\u00f3n no ayudan, sino que, muy por el contrario, son la cortina que cierra el di\u00e1logo y abre el camino a dictaduras y doctrinas que simplifican argumentos, ven de enemigos a ciudadanos y demandas, justificando y promoviendo violencia.<\/p>\n\n\n\n<p>Nos resistimos a una forma de gobierno que enfrenta los problemas, confundiendo la reacci\u00f3n frente a la inequidad con \u201csimple delincuencia\u201d, violentando nuestra cotidianidad con fuerzas armadas que sostenemos econ\u00f3micamente, pese a sus irregularidades y privilegios.<\/p>\n\n\n\n<p>El Gobierno del Presidente Sebasti\u00e1n Pi\u00f1era hasta ahora no ha estado a la altura de las circunstancias y ha escalado, con declaraciones y acciones puntuales, hacia un territorio de descontrol e incertidumbre.<\/p>\n\n\n\n<p>A\u00fan as\u00ed, urge construir un pa\u00eds sin etiquetas, tolerante, inclusivo y sin privilegios. Hoy se hace necesario articular un verdadero di\u00e1logo social y generoso que estabilice la estructura \u00e9tica, moral y los cimientos jur\u00eddicos (basados en la Constituci\u00f3n) del pa\u00eds.&nbsp; Tenemos el desaf\u00edo de mejorar nuestra sociedad y como Colegio decimos presente desde nuestros distintos lugares de trabajo.<\/p>\n\n\n\n<p>Lamentablemente en los medios tradicionales gobierna el oficialismo, y en las redes se mezclan las noticias falsas con las verdaderas.&nbsp; Este cerco comunicacional desv\u00eda el foco del tema de fondo que es el generalizado&nbsp;descontento ciudadano&nbsp;por las injusticias y desigualdades&nbsp;del pa\u00eds.<\/p>\n\n\n\n<p>En tanto, todav\u00eda Chile adolece de una Ley de prensa que asegure pluralidad y parcialidad en la entrega de informaciones.&nbsp; Esa lucha hist\u00f3rica y olvidada por la clase dirigente del pa\u00eds -en todos los gobiernos desde el retorno a la democracia-, explota hoy, principalmente en la televisi\u00f3n, con una clara tendencia a un enfoque aparatoso y sensacionalista y que define el sentido de la noticia en una mercader\u00eda de consumo redactada a la necesidad del cliente.<\/p>\n\n\n\n<p>\u00bfQu\u00e9 pasar\u00eda si la justicia tuviera que financiarse bajo las reglas de la publicidad? En nuestro pa\u00eds todos los medios grandes son privados y la televisi\u00f3n estatal se rige a trav\u00e9s de las reglas de la publicidad.<\/p>\n\n\n\n<p>Desde esta premisa, hacemos un llamado a profundizar el an\u00e1lisis hist\u00f3rico y pol\u00edtico, en su contexto nacional y Latinoamericano, dando cuenta del origen y sentido del estallido social que hoy vive el pa\u00eds, con el fin de no invisibilizar la demanda, en beneficio de la rentabilidad econ\u00f3mica que da el hecho de espectacularizar las informaciones y as\u00ed poder cumplir verdaderamente con nuestra misi\u00f3n de comunicar empat\u00eda social. Todo bajo la premisa de colaborar en la construcci\u00f3n de una mejor comunidad, a partir del bienestar colectivo y no individual.<br><\/p>\n","protected":false},"excerpt":{"rendered":"<p>El Colegio de Periodistas de Magallanes rechaza el di\u00e1logo con pistola, la militarizaci\u00f3n del pa\u00eds y todas las declaraciones que intentan confundir y banalizar las justas demandas sociales que vive&#8230; <a class=\"read-more\" href=\"https:\/\/www.radiopresidenteibanez.cl\/web\/declaracion-colegio-de-periodistas-de-magallanes\/\">Leer m\u00e1s<\/a><\/p>\n","protected":false},"author":2,"featured_media":740,"comment_status":"closed","ping_status":"closed","sticky":false,"template":"","format":"standard","meta":{"footnotes":""},"categories":[1],"tags":[],"class_list":["post-7751","post","type-post","status-publish","format-standard","has-post-thumbnail","hentry","category-cronica"],"_links":{"self":[{"href":"https:\/\/www.radiopresidenteibanez.cl\/web\/wp-json\/wp\/v2\/posts\/7751","targetHints":{"allow":["GET"]}}],"collection":[{"href":"https:\/\/www.radiopresidenteibanez.cl\/web\/wp-json\/wp\/v2\/posts"}],"about":[{"href":"https:\/\/www.radiopresidenteibanez.cl\/web\/wp-json\/wp\/v2\/types\/post"}],"author":[{"embeddable":true,"href":"https:\/\/www.radiopresidenteibanez.cl\/web\/wp-json\/wp\/v2\/users\/2"}],"replies":[{"embeddable":true,"href":"https:\/\/www.radiopresidenteibanez.cl\/web\/wp-json\/wp\/v2\/comments?post=7751"}],"version-history":[{"count":0,"href":"https:\/\/www.radiopresidenteibanez.cl\/web\/wp-json\/wp\/v2\/posts\/7751\/revisions"}],"wp:featuredmedia":[{"embeddable":true,"href":"https:\/\/www.radiopresidenteibanez.cl\/web\/wp-json\/wp\/v2\/media\/740"}],"wp:attachment":[{"href":"https:\/\/www.radiopresidenteibanez.cl\/web\/wp-json\/wp\/v2\/media?parent=7751"}],"wp:term":[{"taxonomy":"category","embeddable":true,"href":"https:\/\/www.radiopresidenteibanez.cl\/web\/wp-json\/wp\/v2\/categories?post=7751"},{"taxonomy":"post_tag","embeddable":true,"href":"https:\/\/www.radiopresidenteibanez.cl\/web\/wp-json\/wp\/v2\/tags?post=7751"}],"curies":[{"name":"wp","href":"https:\/\/api.w.org\/{rel}","templated":true}]}}