{"id":7747,"date":"2019-10-22T14:02:31","date_gmt":"2019-10-22T14:02:31","guid":{"rendered":"https:\/\/www.radiopresidenteibanez.cl\/web\/?p=7747"},"modified":"2019-10-22T14:02:36","modified_gmt":"2019-10-22T14:02:36","slug":"edelmag-informa-sobre-situaciones-del-suministro-electrico-en-punta-arenas-y-puerto-natales","status":"publish","type":"post","link":"https:\/\/www.radiopresidenteibanez.cl\/web\/edelmag-informa-sobre-situaciones-del-suministro-electrico-en-punta-arenas-y-puerto-natales\/","title":{"rendered":"EDELMAG INFORMA SOBRE SITUACIONES DEL SUMINISTRO EL\u00c9CTRICO EN PUNTA ARENAS Y PUERTO NATALES"},"content":{"rendered":"\n<p>En relaci\u00f3n con el estado del\nsuministro el\u00e9ctrico, la Empresa El\u00e9ctrica de Magallanes, informa lo siguiente:\n<\/p>\n\n\n\n<ul class=\"wp-block-list\"><li>Los sistemas de Puerto Natales, Porvenir y Puerto\nWilliam se encuentran operando normalmente.<\/li><\/ul>\n\n\n\n<ul class=\"wp-block-list\"><li>Las manifestaciones registradas durante las \u00faltimas horas\nalteraron el normal funcionamiento del servicio el\u00e9ctrico en distintos puntos\nde la ciudad de Punta Arenas. Personal de brigadas de emergencia se acerc\u00f3 a\nlas respectivas \u00e1reas, detectando riesgos y amenazas a su integridad, por ello se\ndefini\u00f3 retomar las reparaciones a partir de las 7 horas de esta ma\u00f1ana.<\/li><\/ul>\n\n\n\n<ul class=\"wp-block-list\"><li>Actualmente se encuentra repuesto el servicio de 200\nclientes correspondientes a la Poblaci\u00f3n Cardenal Silva Henr\u00edquez, donde las\nl\u00edneas de distribuci\u00f3n fueron afectadas por una fogata que se encontraba bajo\nla red el\u00e9ctrica.<\/li><\/ul>\n\n\n\n<ul class=\"wp-block-list\"><li>En el caso del Loteo de Mar se lanzaron objetos a las\nl\u00edneas, que cortaron las redes provocando la interrupci\u00f3n del servicio a 300\nclientes. Las reparaciones se extender\u00e1n hasta las 11:00 horas aproximadamente.<\/li><\/ul>\n\n\n\n<ul class=\"wp-block-list\"><li>Mientras que en R\u00edos Patag\u00f3nicos, un poste de madera con\nl\u00edneas de media y baja tensi\u00f3n fue quemado producto de una barricada. Al\nmomento de iniciar los trabajos de reemplazo se produjo la reactivaci\u00f3n del\nfuego impidiendo su reparaci\u00f3n. Esta interrupci\u00f3n afecta a 387 clientes del\nsector, donde se incluye una parte de Alfredo Lorca y parcelas de Capit\u00e1n\nGuillermos al poniente. Las labores de reposici\u00f3n se extender\u00e1n por 5 horas, una\nvez que personal t\u00e9cnico pueda ingresar a la zona.<\/li><\/ul>\n\n\n\n<ul class=\"wp-block-list\"><li>Frente a la contingencia en la que se encuentra la\nregi\u00f3n, hemos dispuesto turnos y brigadas adicionales para atender los\nrequerimientos de los clientes, evaluando cada vez las condiciones de seguridad\ne integridad a la que se exponen nuestros colaboradores en terreno.<\/li><\/ul>\n\n\n\n<ul class=\"wp-block-list\"><li>La empresa recuerda que para sus consultas se\nencuentra disponible el Fono Clientes 600 6200 100 o la cuenta twitter\n@edelmag_sos. Para una atenci\u00f3n m\u00e1s expedita, es importante que tengan a mano\nsu n\u00famero de cliente que se encuentra impreso en la parte superior de la\nboleta.<\/li><\/ul>\n","protected":false},"excerpt":{"rendered":"<p>En relaci\u00f3n con el estado del suministro el\u00e9ctrico, la Empresa El\u00e9ctrica de Magallanes, informa lo siguiente: Los sistemas de Puerto Natales, Porvenir y Puerto William se encuentran operando normalmente. Las&#8230; <a class=\"read-more\" href=\"https:\/\/www.radiopresidenteibanez.cl\/web\/edelmag-informa-sobre-situaciones-del-suministro-electrico-en-punta-arenas-y-puerto-natales\/\">Leer m\u00e1s<\/a><\/p>\n","protected":false},"author":2,"featured_media":714,"comment_status":"closed","ping_status":"closed","sticky":false,"template":"","format":"standard","meta":{"footnotes":""},"categories":[1],"tags":[],"class_list":["post-7747","post","type-post","status-publish","format-standard","has-post-thumbnail","hentry","category-cronica"],"_links":{"self":[{"href":"https:\/\/www.radiopresidenteibanez.cl\/web\/wp-json\/wp\/v2\/posts\/7747","targetHints":{"allow":["GET"]}}],"collection":[{"href":"https:\/\/www.radiopresidenteibanez.cl\/web\/wp-json\/wp\/v2\/posts"}],"about":[{"href":"https:\/\/www.radiopresidenteibanez.cl\/web\/wp-json\/wp\/v2\/types\/post"}],"author":[{"embeddable":true,"href":"https:\/\/www.radiopresidenteibanez.cl\/web\/wp-json\/wp\/v2\/users\/2"}],"replies":[{"embeddable":true,"href":"https:\/\/www.radiopresidenteibanez.cl\/web\/wp-json\/wp\/v2\/comments?post=7747"}],"version-history":[{"count":0,"href":"https:\/\/www.radiopresidenteibanez.cl\/web\/wp-json\/wp\/v2\/posts\/7747\/revisions"}],"wp:featuredmedia":[{"embeddable":true,"href":"https:\/\/www.radiopresidenteibanez.cl\/web\/wp-json\/wp\/v2\/media\/714"}],"wp:attachment":[{"href":"https:\/\/www.radiopresidenteibanez.cl\/web\/wp-json\/wp\/v2\/media?parent=7747"}],"wp:term":[{"taxonomy":"category","embeddable":true,"href":"https:\/\/www.radiopresidenteibanez.cl\/web\/wp-json\/wp\/v2\/categories?post=7747"},{"taxonomy":"post_tag","embeddable":true,"href":"https:\/\/www.radiopresidenteibanez.cl\/web\/wp-json\/wp\/v2\/tags?post=7747"}],"curies":[{"name":"wp","href":"https:\/\/api.w.org\/{rel}","templated":true}]}}