{"id":7744,"date":"2019-10-22T14:00:35","date_gmt":"2019-10-22T14:00:35","guid":{"rendered":"https:\/\/www.radiopresidenteibanez.cl\/web\/?p=7744"},"modified":"2019-10-22T14:00:40","modified_gmt":"2019-10-22T14:00:40","slug":"autoridades-regionales-solicitan-estado-de-emergencia-para-puerto-natales","status":"publish","type":"post","link":"https:\/\/www.radiopresidenteibanez.cl\/web\/autoridades-regionales-solicitan-estado-de-emergencia-para-puerto-natales\/","title":{"rendered":"AUTORIDADES REGIONALES SOLICITAN ESTADO DE EMERGENCIA PARA PUERTO NATALES"},"content":{"rendered":"\n<p>En horas de la noche de ayer lunes 22 de octubre, durante la\ntercera jornada de manifestaciones en Puerto Natales ocurrieron lamentables\nhechos entre ellos la quema de las dependencias del IST, as\u00ed tambi\u00e9n de una bodega\nperteneciente a una empresa de transporte, junto a un ataque a la 2da Comisaria\nde la capital de \u00daltima Esperanza.<\/p>\n\n\n\n<p>Por lo anterior es que durante la jornada de manifestaciones\nel alcalde de la comuna, Fernando Paredes junto a la Gobernadora, Ana Mayorga,\nrealizaron el llamado al intendente Jos\u00e9 Fern\u00e1ndez y al subsecretario del\ninterior, Rodrigo Ubilla, a solicitar el estado de emergencia para Puerto\nNatales.<\/p>\n\n\n\n<p>Ante esto, el decreto saldr\u00eda pasadas las 12:00 horas de\neste martes 22 de octubre, y r\u00e1pidamente el General, Jorge Pe\u00f1a junto a la m\u00e1xima\nautoridad regional, viajar\u00edan a la ciudad capital de \u00daltima Esperanza.<\/p>\n\n\n\n<p>Mencionar que el mismo General manifest\u00f3 que \u201cno es\nnecesario por el momento decretar toque de queda en la ciudad\u201d.<\/p>\n","protected":false},"excerpt":{"rendered":"<p>En horas de la noche de ayer lunes 22 de octubre, durante la tercera jornada de manifestaciones en Puerto Natales ocurrieron lamentables hechos entre ellos la quema de las dependencias&#8230; <a class=\"read-more\" href=\"https:\/\/www.radiopresidenteibanez.cl\/web\/autoridades-regionales-solicitan-estado-de-emergencia-para-puerto-natales\/\">Leer m\u00e1s<\/a><\/p>\n","protected":false},"author":2,"featured_media":7745,"comment_status":"closed","ping_status":"closed","sticky":false,"template":"","format":"standard","meta":{"footnotes":""},"categories":[1],"tags":[],"class_list":["post-7744","post","type-post","status-publish","format-standard","has-post-thumbnail","hentry","category-cronica"],"_links":{"self":[{"href":"https:\/\/www.radiopresidenteibanez.cl\/web\/wp-json\/wp\/v2\/posts\/7744","targetHints":{"allow":["GET"]}}],"collection":[{"href":"https:\/\/www.radiopresidenteibanez.cl\/web\/wp-json\/wp\/v2\/posts"}],"about":[{"href":"https:\/\/www.radiopresidenteibanez.cl\/web\/wp-json\/wp\/v2\/types\/post"}],"author":[{"embeddable":true,"href":"https:\/\/www.radiopresidenteibanez.cl\/web\/wp-json\/wp\/v2\/users\/2"}],"replies":[{"embeddable":true,"href":"https:\/\/www.radiopresidenteibanez.cl\/web\/wp-json\/wp\/v2\/comments?post=7744"}],"version-history":[{"count":0,"href":"https:\/\/www.radiopresidenteibanez.cl\/web\/wp-json\/wp\/v2\/posts\/7744\/revisions"}],"wp:featuredmedia":[{"embeddable":true,"href":"https:\/\/www.radiopresidenteibanez.cl\/web\/wp-json\/wp\/v2\/media\/7745"}],"wp:attachment":[{"href":"https:\/\/www.radiopresidenteibanez.cl\/web\/wp-json\/wp\/v2\/media?parent=7744"}],"wp:term":[{"taxonomy":"category","embeddable":true,"href":"https:\/\/www.radiopresidenteibanez.cl\/web\/wp-json\/wp\/v2\/categories?post=7744"},{"taxonomy":"post_tag","embeddable":true,"href":"https:\/\/www.radiopresidenteibanez.cl\/web\/wp-json\/wp\/v2\/tags?post=7744"}],"curies":[{"name":"wp","href":"https:\/\/api.w.org\/{rel}","templated":true}]}}