{"id":7741,"date":"2019-10-21T15:29:37","date_gmt":"2019-10-21T15:29:37","guid":{"rendered":"https:\/\/www.radiopresidenteibanez.cl\/web\/?p=7741"},"modified":"2019-10-21T15:29:42","modified_gmt":"2019-10-21T15:29:42","slug":"presidente-del-partido-socialista-en-magallanes-se-refiere-a-situaciones-que-vive-el-pais","status":"publish","type":"post","link":"https:\/\/www.radiopresidenteibanez.cl\/web\/presidente-del-partido-socialista-en-magallanes-se-refiere-a-situaciones-que-vive-el-pais\/","title":{"rendered":"PRESIDENTE DEL PARTIDO SOCIALISTA EN MAGALLANES SE REFIERE A SITUACIONES QUE VIVE EL PA\u00cdS"},"content":{"rendered":"\n<p> 1. El Partido Socialista de Magallanes lamenta y rechaza la decisi\u00f3n del Intendente regional de solicitar un estado de excepci\u00f3n para Magallanes, lo que en la pr\u00e1ctica significa renunciar a gobernar y demuestra la incapacidad del gobierno regional para hacerse cargo de la seguridad local.<\/p>\n\n\n\n<p>2.\u00a0 Nada justifica la medida adoptada, la cual es desproporcionada e injustificada, ya que no s\u00f3lo conculca las libertades y derechos de los ciudadanos sino que una vez m\u00e1s la derecha criminaliza la legitima protesta social, que en Magallanes ha sido masiva y pacifica, salvo excepciones de un grupo reducido de personas, lo que tajantemente rechazamos.<\/p>\n\n\n\n<p>3. El Partido Socialista de Magallanes respalda la movilizaci\u00f3n de la ciudadan\u00eda que de manera pacifica expresa su deseo de superar las desigualdades y avanzar hacia un pa\u00eds donde la dignidad, bienestar y justicia social sea la regla.<\/p>\n\n\n\n<p>Atte.,Juan Marcos Henr\u00edquezPresidente Regional <\/p>\n","protected":false},"excerpt":{"rendered":"<p>1. El Partido Socialista de Magallanes lamenta y rechaza la decisi\u00f3n del Intendente regional de solicitar un estado de excepci\u00f3n para Magallanes, lo que en la pr\u00e1ctica significa renunciar a&#8230; <a class=\"read-more\" href=\"https:\/\/www.radiopresidenteibanez.cl\/web\/presidente-del-partido-socialista-en-magallanes-se-refiere-a-situaciones-que-vive-el-pais\/\">Leer m\u00e1s<\/a><\/p>\n","protected":false},"author":2,"featured_media":3737,"comment_status":"closed","ping_status":"closed","sticky":false,"template":"","format":"standard","meta":{"footnotes":""},"categories":[1],"tags":[],"class_list":["post-7741","post","type-post","status-publish","format-standard","has-post-thumbnail","hentry","category-cronica"],"_links":{"self":[{"href":"https:\/\/www.radiopresidenteibanez.cl\/web\/wp-json\/wp\/v2\/posts\/7741","targetHints":{"allow":["GET"]}}],"collection":[{"href":"https:\/\/www.radiopresidenteibanez.cl\/web\/wp-json\/wp\/v2\/posts"}],"about":[{"href":"https:\/\/www.radiopresidenteibanez.cl\/web\/wp-json\/wp\/v2\/types\/post"}],"author":[{"embeddable":true,"href":"https:\/\/www.radiopresidenteibanez.cl\/web\/wp-json\/wp\/v2\/users\/2"}],"replies":[{"embeddable":true,"href":"https:\/\/www.radiopresidenteibanez.cl\/web\/wp-json\/wp\/v2\/comments?post=7741"}],"version-history":[{"count":0,"href":"https:\/\/www.radiopresidenteibanez.cl\/web\/wp-json\/wp\/v2\/posts\/7741\/revisions"}],"wp:featuredmedia":[{"embeddable":true,"href":"https:\/\/www.radiopresidenteibanez.cl\/web\/wp-json\/wp\/v2\/media\/3737"}],"wp:attachment":[{"href":"https:\/\/www.radiopresidenteibanez.cl\/web\/wp-json\/wp\/v2\/media?parent=7741"}],"wp:term":[{"taxonomy":"category","embeddable":true,"href":"https:\/\/www.radiopresidenteibanez.cl\/web\/wp-json\/wp\/v2\/categories?post=7741"},{"taxonomy":"post_tag","embeddable":true,"href":"https:\/\/www.radiopresidenteibanez.cl\/web\/wp-json\/wp\/v2\/tags?post=7741"}],"curies":[{"name":"wp","href":"https:\/\/api.w.org\/{rel}","templated":true}]}}