{"id":7736,"date":"2019-10-21T15:22:25","date_gmt":"2019-10-21T15:22:25","guid":{"rendered":"https:\/\/www.radiopresidenteibanez.cl\/web\/?p=7736"},"modified":"2019-10-21T15:22:30","modified_gmt":"2019-10-21T15:22:30","slug":"colegio-de-profesores-se-refiere-a-la-situacion-que-ocurre-en-magallanes","status":"publish","type":"post","link":"https:\/\/www.radiopresidenteibanez.cl\/web\/colegio-de-profesores-se-refiere-a-la-situacion-que-ocurre-en-magallanes\/","title":{"rendered":"COLEGIO DE PROFESORES SE REFIERE A LA SITUACI\u00d3N QUE OCURRE EN MAGALLANES"},"content":{"rendered":"\n<ol class=\"wp-block-list\"><li>El Colegio de Profesores Regional\ny los delegados informan que debido a la crisis social y pol\u00edtica que enfrenta\nchile, en estos momentos junto a la rabia contenida y el descontento frente a\nlas pol\u00edticas impulsadas en las \u00faltimas d\u00e9cadas. Nos encontramos reflexionando\nsobre nuestra actitud, como docentes, transformadores de esta sociedad.-<\/li><\/ol>\n\n\n\n<ul class=\"wp-block-list\"><li>Esto no es solo por\nEducaci\u00f3n ni por los 30 de pesos del metro, es un descontento social que es por\nla salud, educaci\u00f3n, pensiones de hambre, colusi\u00f3n, corrupci\u00f3n de los poderosos\nde nuestro pa\u00eds, llamamos a las autoridades de turno a ver los grandes\nproblemas sociales que aquejan a la sociedad civil y que hay est\u00e1n tratando de\nminimizar el problema.- <\/li><\/ul>\n\n\n\n<ul class=\"wp-block-list\"><li>Si bien no justificamos lo\nsucedido en las calles, tambi\u00e9n creemos que la tozudez de los pol\u00edticos, hizo\nque esto estallara, hay que escuchar lo que dicen los j\u00f3venes, que nuevamente comenzaron\neste estallido social, no debemos criminalizar el proceso pero es lo que se ha\nhecho, al sacar a los militares a la calle en una clara provocaci\u00f3n al\npueblo.&nbsp; El estado de excepci\u00f3n que se ha\ninstalado en nuestro pa\u00eds y los toques de queda sin duda alguna, est\u00e1n muy\nlejos de ser normales.-&nbsp; Esta raz\u00f3n es\npor la cual no podemos seguir funcionando como si nada pasara, llamamos a las\nautoridades a tener criterio, ya que, frente a esta situaci\u00f3n tanto el personal\nde las escuelas como los estudiantes corren riesgo, en esta supuesta\nnormalidad.-<\/li><\/ul>\n\n\n\n<ul class=\"wp-block-list\"><li>Frente al &nbsp;llamado a huelga nacional, realizado por el Colegio\nde Profesores, junto a otras instituciones sociales, no podemos quedarnos fuera\ncomo entes sociales, por lo cual llamamos a todos los profesores de la regi\u00f3n a\nno estar ausentes,&nbsp; por lo que convocamos\na todos y todas los docentes de nuestra regi\u00f3n a sumarse a la movilizaciones,\nno solo como simples observadores si no como entes transformadores de esta sociedad.-<\/li><\/ul>\n\n\n\n<ul class=\"wp-block-list\"><li>Llamamos a todos nuestros\ncolegas a no asistir a sus establecimientos el d\u00eda de ma\u00f1ana Martes 22 de\nOctubre para resguardar el bienestar y seguridad no solo del personal sino\ntambi\u00e9n de nuestros estudiantes, situaci\u00f3n que se ira evaluando d\u00eda a d\u00eda de\nacuerdo a la contingencia.-<\/li><\/ul>\n","protected":false},"excerpt":{"rendered":"<p>El Colegio de Profesores Regional y los delegados informan que debido a la crisis social y pol\u00edtica que enfrenta chile, en estos momentos junto a la rabia contenida y el&#8230; <a class=\"read-more\" href=\"https:\/\/www.radiopresidenteibanez.cl\/web\/colegio-de-profesores-se-refiere-a-la-situacion-que-ocurre-en-magallanes\/\">Leer m\u00e1s<\/a><\/p>\n","protected":false},"author":2,"featured_media":7737,"comment_status":"closed","ping_status":"closed","sticky":false,"template":"","format":"standard","meta":{"footnotes":""},"categories":[1],"tags":[],"class_list":["post-7736","post","type-post","status-publish","format-standard","has-post-thumbnail","hentry","category-cronica"],"_links":{"self":[{"href":"https:\/\/www.radiopresidenteibanez.cl\/web\/wp-json\/wp\/v2\/posts\/7736","targetHints":{"allow":["GET"]}}],"collection":[{"href":"https:\/\/www.radiopresidenteibanez.cl\/web\/wp-json\/wp\/v2\/posts"}],"about":[{"href":"https:\/\/www.radiopresidenteibanez.cl\/web\/wp-json\/wp\/v2\/types\/post"}],"author":[{"embeddable":true,"href":"https:\/\/www.radiopresidenteibanez.cl\/web\/wp-json\/wp\/v2\/users\/2"}],"replies":[{"embeddable":true,"href":"https:\/\/www.radiopresidenteibanez.cl\/web\/wp-json\/wp\/v2\/comments?post=7736"}],"version-history":[{"count":0,"href":"https:\/\/www.radiopresidenteibanez.cl\/web\/wp-json\/wp\/v2\/posts\/7736\/revisions"}],"wp:featuredmedia":[{"embeddable":true,"href":"https:\/\/www.radiopresidenteibanez.cl\/web\/wp-json\/wp\/v2\/media\/7737"}],"wp:attachment":[{"href":"https:\/\/www.radiopresidenteibanez.cl\/web\/wp-json\/wp\/v2\/media?parent=7736"}],"wp:term":[{"taxonomy":"category","embeddable":true,"href":"https:\/\/www.radiopresidenteibanez.cl\/web\/wp-json\/wp\/v2\/categories?post=7736"},{"taxonomy":"post_tag","embeddable":true,"href":"https:\/\/www.radiopresidenteibanez.cl\/web\/wp-json\/wp\/v2\/tags?post=7736"}],"curies":[{"name":"wp","href":"https:\/\/api.w.org\/{rel}","templated":true}]}}