{"id":7733,"date":"2019-10-21T15:15:07","date_gmt":"2019-10-21T15:15:07","guid":{"rendered":"https:\/\/www.radiopresidenteibanez.cl\/web\/?p=7733"},"modified":"2019-10-21T15:15:12","modified_gmt":"2019-10-21T15:15:12","slug":"santo-tomas-confirma-la-suspension-de-clases-para-manana-22-de-octubre","status":"publish","type":"post","link":"https:\/\/www.radiopresidenteibanez.cl\/web\/santo-tomas-confirma-la-suspension-de-clases-para-manana-22-de-octubre\/","title":{"rendered":"SANTO TOM\u00c1S CONFIRMA LA SUSPENSI\u00d3N DE CLASES PARA MA\u00d1ANA 22 DE OCTUBRE"},"content":{"rendered":"\n<p>\n\nEn horas de esta jornada, los directivos del Instituto Santo Tom\u00e1s de Punta Arenas decidieron suspender las clases para este martes 22 de octubre, por la situaci\u00f3n de protestas que vive la regi\u00f3n, hasta el momento se desconoce si el resto de establecimiento de educaci\u00f3n superior suspender\u00e1 sus clases.<br><\/p>\n","protected":false},"excerpt":{"rendered":"<p>En horas de esta jornada, los directivos del Instituto Santo Tom\u00e1s de Punta Arenas decidieron suspender las clases para este martes 22 de octubre, por la situaci\u00f3n de protestas que&#8230; <a class=\"read-more\" href=\"https:\/\/www.radiopresidenteibanez.cl\/web\/santo-tomas-confirma-la-suspension-de-clases-para-manana-22-de-octubre\/\">Leer m\u00e1s<\/a><\/p>\n","protected":false},"author":2,"featured_media":7734,"comment_status":"closed","ping_status":"closed","sticky":false,"template":"","format":"standard","meta":{"footnotes":""},"categories":[1],"tags":[],"class_list":["post-7733","post","type-post","status-publish","format-standard","has-post-thumbnail","hentry","category-cronica"],"_links":{"self":[{"href":"https:\/\/www.radiopresidenteibanez.cl\/web\/wp-json\/wp\/v2\/posts\/7733","targetHints":{"allow":["GET"]}}],"collection":[{"href":"https:\/\/www.radiopresidenteibanez.cl\/web\/wp-json\/wp\/v2\/posts"}],"about":[{"href":"https:\/\/www.radiopresidenteibanez.cl\/web\/wp-json\/wp\/v2\/types\/post"}],"author":[{"embeddable":true,"href":"https:\/\/www.radiopresidenteibanez.cl\/web\/wp-json\/wp\/v2\/users\/2"}],"replies":[{"embeddable":true,"href":"https:\/\/www.radiopresidenteibanez.cl\/web\/wp-json\/wp\/v2\/comments?post=7733"}],"version-history":[{"count":0,"href":"https:\/\/www.radiopresidenteibanez.cl\/web\/wp-json\/wp\/v2\/posts\/7733\/revisions"}],"wp:featuredmedia":[{"embeddable":true,"href":"https:\/\/www.radiopresidenteibanez.cl\/web\/wp-json\/wp\/v2\/media\/7734"}],"wp:attachment":[{"href":"https:\/\/www.radiopresidenteibanez.cl\/web\/wp-json\/wp\/v2\/media?parent=7733"}],"wp:term":[{"taxonomy":"category","embeddable":true,"href":"https:\/\/www.radiopresidenteibanez.cl\/web\/wp-json\/wp\/v2\/categories?post=7733"},{"taxonomy":"post_tag","embeddable":true,"href":"https:\/\/www.radiopresidenteibanez.cl\/web\/wp-json\/wp\/v2\/tags?post=7733"}],"curies":[{"name":"wp","href":"https:\/\/api.w.org\/{rel}","templated":true}]}}