{"id":7730,"date":"2019-10-21T15:08:54","date_gmt":"2019-10-21T15:08:54","guid":{"rendered":"https:\/\/www.radiopresidenteibanez.cl\/web\/?p=7730"},"modified":"2019-10-21T15:08:58","modified_gmt":"2019-10-21T15:08:58","slug":"con-resguardo-militar-y-gran-cantidad-de-personas-en-sus-interiores-supermercados-se-encuentran-trabajando-este-lunes-21","status":"publish","type":"post","link":"https:\/\/www.radiopresidenteibanez.cl\/web\/con-resguardo-militar-y-gran-cantidad-de-personas-en-sus-interiores-supermercados-se-encuentran-trabajando-este-lunes-21\/","title":{"rendered":"CON RESGUARDO MILITAR Y GRAN CANTIDAD DE PERSONAS EN SUS INTERIORES SUPERMERCADOS SE ENCUENTRAN TRABAJANDO ESTE LUNES 21"},"content":{"rendered":"\n<p>Pasadas las 09:00 horas, comenzaron abrir los distintos supermercados de la cadena Unimarc y L\u00edder de Punta Arenas, los cuales se encuentran con gran cantidad de personas en sus interiores as\u00ed tambi\u00e9n debido al Estado de Emergencia que existe en Punta Arenas, cuentan con personal militar a sus afueras.<\/p>\n\n\n\n<p>El \u00fanico supermercado de la l\u00ednea Unimarc que se encuentra cerrado es el ubicado en calle Zenteno, que lamentablemente fue saqueado durante la noche de ayer domingo 20 de octubre.<\/p>\n","protected":false},"excerpt":{"rendered":"<p>Pasadas las 09:00 horas, comenzaron abrir los distintos supermercados de la cadena Unimarc y L\u00edder de Punta Arenas, los cuales se encuentran con gran cantidad de personas en sus interiores&#8230; <a class=\"read-more\" href=\"https:\/\/www.radiopresidenteibanez.cl\/web\/con-resguardo-militar-y-gran-cantidad-de-personas-en-sus-interiores-supermercados-se-encuentran-trabajando-este-lunes-21\/\">Leer m\u00e1s<\/a><\/p>\n","protected":false},"author":2,"featured_media":7731,"comment_status":"closed","ping_status":"closed","sticky":false,"template":"","format":"standard","meta":{"footnotes":""},"categories":[1],"tags":[],"class_list":["post-7730","post","type-post","status-publish","format-standard","has-post-thumbnail","hentry","category-cronica"],"_links":{"self":[{"href":"https:\/\/www.radiopresidenteibanez.cl\/web\/wp-json\/wp\/v2\/posts\/7730","targetHints":{"allow":["GET"]}}],"collection":[{"href":"https:\/\/www.radiopresidenteibanez.cl\/web\/wp-json\/wp\/v2\/posts"}],"about":[{"href":"https:\/\/www.radiopresidenteibanez.cl\/web\/wp-json\/wp\/v2\/types\/post"}],"author":[{"embeddable":true,"href":"https:\/\/www.radiopresidenteibanez.cl\/web\/wp-json\/wp\/v2\/users\/2"}],"replies":[{"embeddable":true,"href":"https:\/\/www.radiopresidenteibanez.cl\/web\/wp-json\/wp\/v2\/comments?post=7730"}],"version-history":[{"count":0,"href":"https:\/\/www.radiopresidenteibanez.cl\/web\/wp-json\/wp\/v2\/posts\/7730\/revisions"}],"wp:featuredmedia":[{"embeddable":true,"href":"https:\/\/www.radiopresidenteibanez.cl\/web\/wp-json\/wp\/v2\/media\/7731"}],"wp:attachment":[{"href":"https:\/\/www.radiopresidenteibanez.cl\/web\/wp-json\/wp\/v2\/media?parent=7730"}],"wp:term":[{"taxonomy":"category","embeddable":true,"href":"https:\/\/www.radiopresidenteibanez.cl\/web\/wp-json\/wp\/v2\/categories?post=7730"},{"taxonomy":"post_tag","embeddable":true,"href":"https:\/\/www.radiopresidenteibanez.cl\/web\/wp-json\/wp\/v2\/tags?post=7730"}],"curies":[{"name":"wp","href":"https:\/\/api.w.org\/{rel}","templated":true}]}}