{"id":7728,"date":"2019-10-21T15:03:26","date_gmt":"2019-10-21T15:03:26","guid":{"rendered":"https:\/\/www.radiopresidenteibanez.cl\/web\/?p=7728"},"modified":"2019-10-21T15:03:31","modified_gmt":"2019-10-21T15:03:31","slug":"vientos-de-furia-por-ernesto-sepulveda","status":"publish","type":"post","link":"https:\/\/www.radiopresidenteibanez.cl\/web\/vientos-de-furia-por-ernesto-sepulveda\/","title":{"rendered":"VIENTOS DE FURIA por ERNESTO SEPULVEDA"},"content":{"rendered":"\n<p>Los eventos se iniciaron&nbsp;&nbsp;en Santiago, con jornadas de protesta de los alumnos del Instituto Nacional por el alza de la tarifa del Metro. Durante un par de d\u00edas cientos de estudiantes secundarios se coordinaron para ingresar a las estaciones, evadiendo el pago. Con el hashtag #Evasi\u00f3nTodoElD\u00eda inundaron las redes sociales. A poco andar el movimiento se viraliz\u00f3. Se masific\u00f3, y se descontrol\u00f3. De saltarse el torniquete de acceso, se pas\u00f3 derechamente a la destrucci\u00f3n de los mismos, y de las puertas de acceso, cuando se encontraban cerradas.<\/p>\n\n\n\n<p>La reacci\u00f3n de las autoridades de gobierno sigui\u00f3 en la misma l\u00ednea ya conocida. Primero el ministro de hacienda, a prop\u00f3sito del alza de los productos de primera necesidad en el IPC, recomendaba \u201cponerse rom\u00e1nticos y comprar flores, que estaban mas baratas\u201d. Luego fue el turno del ministro de econom\u00eda, quien a prop\u00f3sito del alza en el pasaje de metro, aconsejaba madrugar, para aprovechar la tarifa en hora \u201cValle\u201d.<\/p>\n\n\n\n<p>La vocera de gobierno, fiel a su estilo confrontacional, parti\u00f3 tratando a los estudiantes como delincuentes, descartando que fueran los usuarios del transporte p\u00fablico los molestos. La ministra de transporte sali\u00f3 a explicar como se calcula la tarifa del metro, negando que un alza de $30 pesos afectara&nbsp;&nbsp;significativamente.<\/p>\n\n\n\n<p>Algo sali\u00f3 mal. Las protestas lejos de disminuir, aumentaron. Lo que parec\u00eda ser al inicio una humorada de los secundarios. Se torn\u00f3 violenta. Para variar peque\u00f1os grupos de exaltados se dedicaron a destruir, torniquetes, c\u00e1maras, boleter\u00edas. La gerencia de Metro, dispuso el cierre de estaciones. Las rejas fueron derribadas, y una masa incontrolable e incontable se precipit\u00f3 hacia los andenes. Cientos de j\u00f3venes se sentaron con sus piernas colgando en el anden, impidiendo la circulaci\u00f3n de trenes.<\/p>\n\n\n\n<p>El d\u00eda viernes 18, la situaci\u00f3n estaba afectado ya a millones de personas en Santiago. La autoridad parec\u00eda duditativa, la intendenta de Santiago, Karla Rubilar, supuesta candidata a gobernadora regional. Desaparecida durante toda la jornada. Por todo Chile se extend\u00edan protestas, caceroleos, y manifestaciones espont\u00e1neas, de descontento.<\/p>\n\n\n\n<p>Lo que ning\u00fan pol\u00edtico previ\u00f3, estaba sucediendo. Un verdadero estallido social. Nuestro pa\u00eds, hasta hace poco \u201coasis de paz\u201d en un continente convulsionado, ahora se un\u00eda al concierto, con una violencia inusitada.<\/p>\n\n\n\n<p>Aun llegando a ese punto, ni gobierno ni oposici\u00f3n daban cr\u00e9dito a lo que sus ojos ve\u00edan. Muchos se debat\u00edan entre condenar y adherir a la protesta social. El partido que qued\u00f3 m\u00e1s descolocado fue la falange. Su acuerdo con el gobierno para aprobar la reintegraci\u00f3n en la reforma tributaria, envejeci\u00f3 mal. Su intenci\u00f3n de interpelar al ministro del interior, fue interpretada como una farsa. Ya que se anunciaba la tarde del d\u00eda,&nbsp;&nbsp;en que con votos DC el ministro lograba aprobar el control de identidad, a ni\u00f1os&nbsp;&nbsp;desde los 16 a\u00f1os.<\/p>\n\n\n\n<p>Se produjeron&nbsp;&nbsp;protestas ciudadanas en todo el pa\u00eds, por las alzas en el transporte, en la cuenta de la luz, por las bajas pensiones, el desempleo, y un largo etc\u00e9tera. La sensaci\u00f3n de descontrol se acentuaba con las horas. Al t\u00e9rmino de la jornada,&nbsp;&nbsp;el anuncio del ministerio de Transportes que la tarifa no se modificaba, parec\u00eda ser el punto final del gobierno sobre el asunto.<\/p>\n\n\n\n<p>Llegada la noche, las protestas se intensificaron por toda la regi\u00f3n metropolitana. En la mayor\u00eda de los casos, caceroleos, bocinazos, protesta pac\u00edfica. En otros casos, peque\u00f1os grupos de individuos dedicados a destrozar mobiliario p\u00fablico y atacar las vitrinas de tiendas y farmacias. El Presidente Pi\u00f1era, celebraba el cumplea\u00f1os de uno de sus nietos, en una pizzer\u00eda del barrio alto. Las im\u00e1genes volaron en las redes sociales, y la vocera tuvo que salir a explicar que \u201cera algo humano\u201d, y que hab\u00eda trabajado todo el d\u00eda. El presidente decide volver a palacio, y al cabo de un rato, se anuncia la dictaci\u00f3n de decreto declarando \u201cEstado de emergencia\u201d en la regi\u00f3n metropolitana. Se designa al general Iturriaga como jefe de zona, el cual dictamina Toque de queda entre las 22,00 y las 7,00 Hrs Am, y dispone el despliegue de tropas en distintas comunas de la capital. Posteriormente el Presidente anuncia la suspensi\u00f3n del alza de tarifa del metro.<\/p>\n\n\n\n<p>De pronto deb\u00edamos ajustar relojes a 1973.<\/p>\n\n\n\n<p>Militares con armamento de guerra, tanquetas, y otros veh\u00edculos blindados, patrullando Santiago. No lograron impedir, el saqueo a mansalva de almacenes, tiendas, supermercados. Una turba de lumpen a plena luz de las c\u00e1maras de TV que transmit\u00edan en vivo, arrastraban por la vereda, enormes cajas con TV, refrigeradores, lavadoras, microondas, y toda clase de art\u00edculos robados. No hubo en esos lugares por espacio de horas, presencia policial ni militar.<\/p>\n\n\n\n<p>La imagen de los militares hablando desde La Moneda, y luego el toque de queda, y las patrullas militares en Santiago, luego en Coquimbo y Valpara\u00edso, dieron la vuelta al mundo en espacio de minutos.<\/p>\n\n\n\n<p>Chile anfitri\u00f3n de la APEC&nbsp;&nbsp;a fines de mes, y de la COP25 a fines de a\u00f1o, alumno ejemplar del Fondo monetario internacional, y de las agencias acreditadoras de riesgo. Se un\u00eda al resto del continente, sumido hace tiempo ya en el conflicto social.<\/p>\n\n\n\n<p>Al termino del fin de semana, se contabilizaba al menos 8 personas fallecidas durante las protestas, algunas de ellas fallecidas dentro de locales incendiados por el l\u00fampen. Otros producto de heridas de bala.<\/p>\n\n\n\n<p>Que nos pas\u00f3? De pronto varios empezaron a ver la luz. Que la gente est\u00e1 aburrida de los abusos, de la injusticia social, de los bajos sueldos. La desigualdad, los privilegios para unos pocos. Grandes magnates como Andr\u00f3nico Luksic, de pronto le encontraban raz\u00f3n a la gente para estar enojada. Hasta la congregaci\u00f3n de los Hermanos Franciscanos, advierten del profundo abismo que separa a los mas favorecidos de los que poco y nada tienen. La Fundaci\u00f3n para la Superaci\u00f3n de la pobreza dijo lo suyo, y tambi\u00e9n algunos destacados y respetados economistas como don&nbsp; Ricardo French Davis,&nbsp; que ya lo ven\u00eda diciendo desde los a\u00f1os 90.<\/p>\n\n\n\n<p>En resumen, somos un pa\u00eds con pies de barro. Mientras una parte est\u00e1 viviendo con el est\u00e1ndar de Nueva York, la inmensa mayor\u00eda sobrevive con un salario escu\u00e1lido o una pensi\u00f3n miserable.<\/p>\n\n\n\n<p>Pero esto no es nada nuevo en pol\u00edtica. Lo nuevo es que hasta en la cuna del capitalismo, se considera superado que el \u00fanico objetivo de la empresa sea maximizar las utilidades. Una suerte de capitalismo atenuado, es propuesto por los due\u00f1os de las mas grandes fortunas del mundo. Quienes est\u00e1n en la c\u00faspide de lucro y de la acumulaci\u00f3n de capital, se han dado cuenta que el crecimiento infinito es una fabula. Que el cambio clim\u00e1tico, el bienestar de la comunidad, y en especial de sus propios trabajadores, son fundamentales para seguir existiendo como empresas.<\/p>\n\n\n\n<p>Para variar, en Chile esas voces llegan tarde. La clase pol\u00edtica, y la \u00e9lite empresarial, aun est\u00e1n desprestigiadas por los sucesivos casos de financiamiento irregular de campa\u00f1as, por colusi\u00f3n de precios, evasi\u00f3n tributaria.<\/p>\n\n\n\n<p>Es el momento de apelar a la ciudadan\u00eda. Un nuevo pacto social debe ser suscrito. Unos le llamaran nueva constituci\u00f3n, otros dir\u00e1n que debe ser por asamblea constituyente. Lo claro es que el destino de nuestra patria no puede decidirla una pu\u00f1ado de personas. Debe reponerse en forma urgente la obligatoriedad del voto. M\u00e1s de 14 millones de personas est\u00e1n habilitadas para votar. Ellos son quienes deben decidir nuestro modelo de desarrollo, el tipo de sociedad en la que queremos vivir. Nadie ya tiene la hegemon\u00eda de la verdad, ni de la legitimidad. La \u00fanica forma de detener el estallido social, es abriendo las v\u00e1lvulas.<\/p>\n\n\n\n<p>As\u00ed como por arte de magia, alguien abri\u00f3 las compuertas y liber\u00f3 el agua de R\u00edo Aconcagua, el que hoy vuelve a ver agua en su caudal. As\u00ed mismo debemos abrir las compuertas de la participaci\u00f3n, para que fluya el manantial que surte y alimenta nuestra democracia.<\/p>\n\n\n\n<p>Ni los saqueos, ni los robos, ni la destrucci\u00f3n de bienes p\u00fablicos o propiedad privada, son propios de nuestra convivencia democr\u00e1tica, no se debe titubear en la condena y sanci\u00f3n al lumpen responsable.<\/p>\n\n\n\n<p>Estamos viviendo momentos de convulsi\u00f3n social pocas veces vistos en nuestra historia. Es un instante crucial. Los vientos de furia que soplan, y amenazan no dejar t\u00edtere con cabeza, se alimentan de la ira, del malestar, del resentimiento.<\/p>\n\n\n\n<p>Y no nos hagamos ilusiones, ninguno de nosotros es inocente, o no tiene responsabilidad. El \u00e9xito del modelo econ\u00f3mico, requiri\u00f3 una fuerte dosis de individualismo, Lo que se foment\u00f3 por la sociedad de consumo, como un valor en s\u00ed. El logro de&nbsp;&nbsp;riqueza, como promesa de una d\u00eda mejor. Ha sido una de las mayores falacias de nuestra historia. Sueldos miserables y pensiones de hambre, no financian una vida de consumismo.&nbsp;&nbsp;Repensar una alternativa a este modelo, requiere tanto del empresariado, como de los trabajadores, requiere de los pol\u00edticos tambi\u00e9n. Pero ser\u00e1 nuestra primera tarea, librarnos de los que s\u00f3lo han servido de lastre en un congreso, de espaldas a la ciudadan\u00eda.<\/p>\n\n\n\n<p>Amigos y amigas, soy Ernesto Sep\u00falveda, y ruego a Dios que seamos capaces de contener a los exaltados, detener al l\u00fampen que quiere destruir nuestra bella Magallanes, y construir todos juntos la sociedad integrada y en paz que nos merecemos.<\/p>\n\n\n\n<p>Punta Arenas, Lunes 21 de octubre de 2019<\/p>\n","protected":false},"excerpt":{"rendered":"<p>Los eventos se iniciaron&nbsp;&nbsp;en Santiago, con jornadas de protesta de los alumnos del Instituto Nacional por el alza de la tarifa del Metro. Durante un par de d\u00edas cientos de&#8230; <a class=\"read-more\" href=\"https:\/\/www.radiopresidenteibanez.cl\/web\/vientos-de-furia-por-ernesto-sepulveda\/\">Leer m\u00e1s<\/a><\/p>\n","protected":false},"author":2,"featured_media":2310,"comment_status":"closed","ping_status":"closed","sticky":false,"template":"","format":"standard","meta":{"footnotes":""},"categories":[1],"tags":[],"class_list":["post-7728","post","type-post","status-publish","format-standard","has-post-thumbnail","hentry","category-cronica"],"_links":{"self":[{"href":"https:\/\/www.radiopresidenteibanez.cl\/web\/wp-json\/wp\/v2\/posts\/7728","targetHints":{"allow":["GET"]}}],"collection":[{"href":"https:\/\/www.radiopresidenteibanez.cl\/web\/wp-json\/wp\/v2\/posts"}],"about":[{"href":"https:\/\/www.radiopresidenteibanez.cl\/web\/wp-json\/wp\/v2\/types\/post"}],"author":[{"embeddable":true,"href":"https:\/\/www.radiopresidenteibanez.cl\/web\/wp-json\/wp\/v2\/users\/2"}],"replies":[{"embeddable":true,"href":"https:\/\/www.radiopresidenteibanez.cl\/web\/wp-json\/wp\/v2\/comments?post=7728"}],"version-history":[{"count":0,"href":"https:\/\/www.radiopresidenteibanez.cl\/web\/wp-json\/wp\/v2\/posts\/7728\/revisions"}],"wp:featuredmedia":[{"embeddable":true,"href":"https:\/\/www.radiopresidenteibanez.cl\/web\/wp-json\/wp\/v2\/media\/2310"}],"wp:attachment":[{"href":"https:\/\/www.radiopresidenteibanez.cl\/web\/wp-json\/wp\/v2\/media?parent=7728"}],"wp:term":[{"taxonomy":"category","embeddable":true,"href":"https:\/\/www.radiopresidenteibanez.cl\/web\/wp-json\/wp\/v2\/categories?post=7728"},{"taxonomy":"post_tag","embeddable":true,"href":"https:\/\/www.radiopresidenteibanez.cl\/web\/wp-json\/wp\/v2\/tags?post=7728"}],"curies":[{"name":"wp","href":"https:\/\/api.w.org\/{rel}","templated":true}]}}