{"id":7722,"date":"2019-10-21T00:36:33","date_gmt":"2019-10-21T00:36:33","guid":{"rendered":"https:\/\/www.radiopresidenteibanez.cl\/web\/?p=7722"},"modified":"2019-10-21T00:36:40","modified_gmt":"2019-10-21T00:36:40","slug":"ministro-chadwick-anuncia-estado-de-emergencia-para-punta-arenas","status":"publish","type":"post","link":"https:\/\/www.radiopresidenteibanez.cl\/web\/ministro-chadwick-anuncia-estado-de-emergencia-para-punta-arenas\/","title":{"rendered":"MINISTRO CHADWICK ANUNCIA ESTADO DE EMERGENCIA PARA PUNTA ARENAS"},"content":{"rendered":"\n<p>Pasadas las 21:15 horas, el Ministro Andr\u00e9s Chadwick anuncio\ncinco comunas m\u00e1s para sumarse al estado de emergencia, en la que\nsorpresivamente esta la ciudad de Punta Arenas, durante la ma\u00f1ana el Intendente\nde la Regi\u00f3n de Magallanes y Ant\u00e1rtica Chilena, Jos\u00e9 Fern\u00e1ndez, expres\u00f3 que no\nera necesaria dicha situaci\u00f3n en ese momento, pero debido a la contingencia\nocurrida durante la tarde oblig\u00f3 al Gobierno a tomar dicha decisi\u00f3n.<\/p>\n","protected":false},"excerpt":{"rendered":"<p>Pasadas las 21:15 horas, el Ministro Andr\u00e9s Chadwick anuncio cinco comunas m\u00e1s para sumarse al estado de emergencia, en la que sorpresivamente esta la ciudad de Punta Arenas, durante la&#8230; <a class=\"read-more\" href=\"https:\/\/www.radiopresidenteibanez.cl\/web\/ministro-chadwick-anuncia-estado-de-emergencia-para-punta-arenas\/\">Leer m\u00e1s<\/a><\/p>\n","protected":false},"author":2,"featured_media":7719,"comment_status":"closed","ping_status":"closed","sticky":false,"template":"","format":"standard","meta":{"footnotes":""},"categories":[1],"tags":[],"class_list":["post-7722","post","type-post","status-publish","format-standard","has-post-thumbnail","hentry","category-cronica"],"_links":{"self":[{"href":"https:\/\/www.radiopresidenteibanez.cl\/web\/wp-json\/wp\/v2\/posts\/7722","targetHints":{"allow":["GET"]}}],"collection":[{"href":"https:\/\/www.radiopresidenteibanez.cl\/web\/wp-json\/wp\/v2\/posts"}],"about":[{"href":"https:\/\/www.radiopresidenteibanez.cl\/web\/wp-json\/wp\/v2\/types\/post"}],"author":[{"embeddable":true,"href":"https:\/\/www.radiopresidenteibanez.cl\/web\/wp-json\/wp\/v2\/users\/2"}],"replies":[{"embeddable":true,"href":"https:\/\/www.radiopresidenteibanez.cl\/web\/wp-json\/wp\/v2\/comments?post=7722"}],"version-history":[{"count":0,"href":"https:\/\/www.radiopresidenteibanez.cl\/web\/wp-json\/wp\/v2\/posts\/7722\/revisions"}],"wp:featuredmedia":[{"embeddable":true,"href":"https:\/\/www.radiopresidenteibanez.cl\/web\/wp-json\/wp\/v2\/media\/7719"}],"wp:attachment":[{"href":"https:\/\/www.radiopresidenteibanez.cl\/web\/wp-json\/wp\/v2\/media?parent=7722"}],"wp:term":[{"taxonomy":"category","embeddable":true,"href":"https:\/\/www.radiopresidenteibanez.cl\/web\/wp-json\/wp\/v2\/categories?post=7722"},{"taxonomy":"post_tag","embeddable":true,"href":"https:\/\/www.radiopresidenteibanez.cl\/web\/wp-json\/wp\/v2\/tags?post=7722"}],"curies":[{"name":"wp","href":"https:\/\/api.w.org\/{rel}","templated":true}]}}