{"id":7717,"date":"2019-10-20T02:22:49","date_gmt":"2019-10-20T02:22:49","guid":{"rendered":"https:\/\/www.radiopresidenteibanez.cl\/web\/?p=7717"},"modified":"2019-10-20T02:22:53","modified_gmt":"2019-10-20T02:22:53","slug":"desmanes-detenidos-y-heridos-marcaron-la-jornada-de-manifestaciones-en-punta-arenas","status":"publish","type":"post","link":"https:\/\/www.radiopresidenteibanez.cl\/web\/desmanes-detenidos-y-heridos-marcaron-la-jornada-de-manifestaciones-en-punta-arenas\/","title":{"rendered":"DESMANES, DETENIDOS Y HERIDOS MARCARON LA JORNADA DE MANIFESTACIONES EN PUNTA ARENAS"},"content":{"rendered":"\n<p>El comienzo de las\nmanifestaciones fue bastante pacifica lamentablemente pasada las 18:00 horas,\ncomenzaron los desmanes en el sector de la plaza Benjam\u00edn Mu\u00f1oz Gamero, en\ndonde personal policial debi\u00f3 hacer uso del carro lanza aguas, as\u00ed tambi\u00e9n de lacrim\u00f3genas\npara tratar disuadir a la multitud que los atacaban con elementos contundentes.<\/p>\n\n\n\n<p>Con el pasar de los minutos la situaci\u00f3n\nsali\u00f3 de control surgiendo barricadas en distintos sectores del centro de Punta\nArenas, por lo que Carabineros debi\u00f3 seguir haciendo uso de lacrim\u00f3genas.<\/p>\n\n\n\n<p>Al cierre de esta edici\u00f3n personal\npolicial reporta 10 detenidos, as\u00ed tambi\u00e9n habr\u00eda una persona lesionada quien\nfue derivada hasta las dependencias del Hospital Cl\u00ednico de Magallanes.<\/p>\n\n\n\n<p>As\u00ed tambi\u00e9n los carros policiales\nsufrieron rayados por partes de los manifestantes y algunos destrozos varios en\nalgunas partes del sector.<\/p>\n\n\n\n<p>En diferentes sectores de la ciudad capital de Magallanes se est\u00e1n realizando barricadas y cacerolazos apoyando dichas manifestaciones.<\/p>\n\n\n\n<p>Fuente: <a href=\"http:\/\/www.esurcomunicaciones.com\">www.esurcomunicaciones.com<\/a><\/p>\n\n\n\n<ul class=\"wp-block-gallery columns-2 is-cropped wp-block-gallery-1 is-layout-flex wp-block-gallery-is-layout-flex\"><li class=\"blocks-gallery-item\"><figure><img loading=\"lazy\" decoding=\"async\" width=\"1024\" height=\"768\" src=\"https:\/\/www.radiopresidenteibanez.cl\/web\/wp-content\/uploads\/2019\/10\/IMG_20191019_204049-1024x768.jpg\" alt=\"\" data-id=\"7718\" data-link=\"https:\/\/www.radiopresidenteibanez.cl\/web\/?attachment_id=7718\" class=\"wp-image-7718\" srcset=\"https:\/\/www.radiopresidenteibanez.cl\/web\/wp-content\/uploads\/2019\/10\/IMG_20191019_204049-1024x768.jpg 1024w, https:\/\/www.radiopresidenteibanez.cl\/web\/wp-content\/uploads\/2019\/10\/IMG_20191019_204049-300x225.jpg 300w, https:\/\/www.radiopresidenteibanez.cl\/web\/wp-content\/uploads\/2019\/10\/IMG_20191019_204049-768x576.jpg 768w\" sizes=\"auto, (max-width: 1024px) 100vw, 1024px\" \/><figcaption>CHH<\/figcaption><\/figure><\/li><li class=\"blocks-gallery-item\"><figure><img loading=\"lazy\" decoding=\"async\" width=\"1024\" height=\"768\" src=\"https:\/\/www.radiopresidenteibanez.cl\/web\/wp-content\/uploads\/2019\/10\/IMG_20191019_210302-1024x768.jpg\" alt=\"\" data-id=\"7719\" data-link=\"https:\/\/www.radiopresidenteibanez.cl\/web\/?attachment_id=7719\" class=\"wp-image-7719\" srcset=\"https:\/\/www.radiopresidenteibanez.cl\/web\/wp-content\/uploads\/2019\/10\/IMG_20191019_210302-1024x768.jpg 1024w, https:\/\/www.radiopresidenteibanez.cl\/web\/wp-content\/uploads\/2019\/10\/IMG_20191019_210302-300x225.jpg 300w, https:\/\/www.radiopresidenteibanez.cl\/web\/wp-content\/uploads\/2019\/10\/IMG_20191019_210302-768x576.jpg 768w\" sizes=\"auto, (max-width: 1024px) 100vw, 1024px\" \/><figcaption>CHH<\/figcaption><\/figure><\/li><\/ul>\n","protected":false},"excerpt":{"rendered":"<p>El comienzo de las manifestaciones fue bastante pacifica lamentablemente pasada las 18:00 horas, comenzaron los desmanes en el sector de la plaza Benjam\u00edn Mu\u00f1oz Gamero, en donde personal policial debi\u00f3&#8230; <a class=\"read-more\" href=\"https:\/\/www.radiopresidenteibanez.cl\/web\/desmanes-detenidos-y-heridos-marcaron-la-jornada-de-manifestaciones-en-punta-arenas\/\">Leer m\u00e1s<\/a><\/p>\n","protected":false},"author":2,"featured_media":7719,"comment_status":"closed","ping_status":"closed","sticky":false,"template":"","format":"standard","meta":{"footnotes":""},"categories":[1],"tags":[],"class_list":["post-7717","post","type-post","status-publish","format-standard","has-post-thumbnail","hentry","category-cronica"],"_links":{"self":[{"href":"https:\/\/www.radiopresidenteibanez.cl\/web\/wp-json\/wp\/v2\/posts\/7717","targetHints":{"allow":["GET"]}}],"collection":[{"href":"https:\/\/www.radiopresidenteibanez.cl\/web\/wp-json\/wp\/v2\/posts"}],"about":[{"href":"https:\/\/www.radiopresidenteibanez.cl\/web\/wp-json\/wp\/v2\/types\/post"}],"author":[{"embeddable":true,"href":"https:\/\/www.radiopresidenteibanez.cl\/web\/wp-json\/wp\/v2\/users\/2"}],"replies":[{"embeddable":true,"href":"https:\/\/www.radiopresidenteibanez.cl\/web\/wp-json\/wp\/v2\/comments?post=7717"}],"version-history":[{"count":0,"href":"https:\/\/www.radiopresidenteibanez.cl\/web\/wp-json\/wp\/v2\/posts\/7717\/revisions"}],"wp:featuredmedia":[{"embeddable":true,"href":"https:\/\/www.radiopresidenteibanez.cl\/web\/wp-json\/wp\/v2\/media\/7719"}],"wp:attachment":[{"href":"https:\/\/www.radiopresidenteibanez.cl\/web\/wp-json\/wp\/v2\/media?parent=7717"}],"wp:term":[{"taxonomy":"category","embeddable":true,"href":"https:\/\/www.radiopresidenteibanez.cl\/web\/wp-json\/wp\/v2\/categories?post=7717"},{"taxonomy":"post_tag","embeddable":true,"href":"https:\/\/www.radiopresidenteibanez.cl\/web\/wp-json\/wp\/v2\/tags?post=7717"}],"curies":[{"name":"wp","href":"https:\/\/api.w.org\/{rel}","templated":true}]}}