{"id":7715,"date":"2019-10-20T01:52:21","date_gmt":"2019-10-20T01:52:21","guid":{"rendered":"https:\/\/www.radiopresidenteibanez.cl\/web\/?p=7715"},"modified":"2019-10-20T01:52:26","modified_gmt":"2019-10-20T01:52:26","slug":"se-suspende-celebracion-del-dia-del-patrimonio-cultural-de-magallanes","status":"publish","type":"post","link":"https:\/\/www.radiopresidenteibanez.cl\/web\/se-suspende-celebracion-del-dia-del-patrimonio-cultural-de-magallanes\/","title":{"rendered":"SE SUSPENDE CELEBRACI\u00d3N DEL  D\u00cdA DEL PATRIMONIO CULTURAL DE MAGALLANES"},"content":{"rendered":"\n<p>Producto de la contingencia y los hechos ocurridos en la \u00faltimas\nhoras, se suspende la celebraci\u00f3n del D\u00eda del Patrimonio Cultural de\nMagallanes, que se llevar\u00eda a cabo este domingo 20 de octubre en diferentes\npuntos de la regi\u00f3n.<\/p>\n\n\n\n<p>La Seremi de las Culturas, las Artes y el Patrimonio, entidad que\nlidera la iniciativa y en la que participan m\u00e1s de treinta entidades p\u00fablicas,\nprivadas y comunitarias, inform\u00f3 que se reprogramar\u00e1n las actividades durante\nlos pr\u00f3ximos d\u00edas y se informar\u00e1, de manera oportuna, la nueva calendarizaci\u00f3n.<\/p>\n\n\n\n<p>La determinaci\u00f3n aplica para la mayor\u00eda de los eventos que se\nefectuar\u00edan en las comunas de Porvenir, Cabo de Hornos, Primavera, Natales y\nPunta Arenas. S\u00f3lo se concretar\u00e1n aquellos en los que la instituci\u00f3n\norganizadora confirme su concreci\u00f3n. Para ello se sugiere revisar redes sociales\ny canales de informaci\u00f3n oficiales. <\/p>\n","protected":false},"excerpt":{"rendered":"<p>Producto de la contingencia y los hechos ocurridos en la \u00faltimas horas, se suspende la celebraci\u00f3n del D\u00eda del Patrimonio Cultural de Magallanes, que se llevar\u00eda a cabo este domingo&#8230; <a class=\"read-more\" href=\"https:\/\/www.radiopresidenteibanez.cl\/web\/se-suspende-celebracion-del-dia-del-patrimonio-cultural-de-magallanes\/\">Leer m\u00e1s<\/a><\/p>\n","protected":false},"author":2,"featured_media":740,"comment_status":"closed","ping_status":"closed","sticky":false,"template":"","format":"standard","meta":{"footnotes":""},"categories":[1],"tags":[],"class_list":["post-7715","post","type-post","status-publish","format-standard","has-post-thumbnail","hentry","category-cronica"],"_links":{"self":[{"href":"https:\/\/www.radiopresidenteibanez.cl\/web\/wp-json\/wp\/v2\/posts\/7715","targetHints":{"allow":["GET"]}}],"collection":[{"href":"https:\/\/www.radiopresidenteibanez.cl\/web\/wp-json\/wp\/v2\/posts"}],"about":[{"href":"https:\/\/www.radiopresidenteibanez.cl\/web\/wp-json\/wp\/v2\/types\/post"}],"author":[{"embeddable":true,"href":"https:\/\/www.radiopresidenteibanez.cl\/web\/wp-json\/wp\/v2\/users\/2"}],"replies":[{"embeddable":true,"href":"https:\/\/www.radiopresidenteibanez.cl\/web\/wp-json\/wp\/v2\/comments?post=7715"}],"version-history":[{"count":0,"href":"https:\/\/www.radiopresidenteibanez.cl\/web\/wp-json\/wp\/v2\/posts\/7715\/revisions"}],"wp:featuredmedia":[{"embeddable":true,"href":"https:\/\/www.radiopresidenteibanez.cl\/web\/wp-json\/wp\/v2\/media\/740"}],"wp:attachment":[{"href":"https:\/\/www.radiopresidenteibanez.cl\/web\/wp-json\/wp\/v2\/media?parent=7715"}],"wp:term":[{"taxonomy":"category","embeddable":true,"href":"https:\/\/www.radiopresidenteibanez.cl\/web\/wp-json\/wp\/v2\/categories?post=7715"},{"taxonomy":"post_tag","embeddable":true,"href":"https:\/\/www.radiopresidenteibanez.cl\/web\/wp-json\/wp\/v2\/tags?post=7715"}],"curies":[{"name":"wp","href":"https:\/\/api.w.org\/{rel}","templated":true}]}}