{"id":7674,"date":"2019-10-17T14:46:27","date_gmt":"2019-10-17T14:46:27","guid":{"rendered":"http:\/\/www.radiopresidenteibanez.cl\/web\/?p=7674"},"modified":"2019-10-17T14:46:32","modified_gmt":"2019-10-17T14:46:32","slug":"programa-mascota-protegida-de-gobernacion-ultima-esperanza-llego-hasta-puerto-eden","status":"publish","type":"post","link":"https:\/\/www.radiopresidenteibanez.cl\/web\/programa-mascota-protegida-de-gobernacion-ultima-esperanza-llego-hasta-puerto-eden\/","title":{"rendered":"PROGRAMA MASCOTA PROTEGIDA DE GOBERNACI\u00d3N \u00daLTIMA ESPERANZA LLEG\u00d3 HASTA PUERTO ED\u00c9N"},"content":{"rendered":"\n<p>Un grupo de funcionarios de la gobernaci\u00f3n de \u00daltima Esperanza se desplaz\u00f3\nhasta la localidad de Puerto Ed\u00e9n para realizar trabajo en terreno, presentar\nprogramas y abordar las principales necesidades de los habitantes,\nespecialmente dar a conocer el programa de Mascota Protegida, que funciona\ndesde agosto en la Gobernaci\u00f3n Provincial y que fomenta la tenencia responsable\nde perros y gatos, impulsa la esterilizaci\u00f3n, educa a la comunidad y chipea e\ninscribe a las mascotas en el registro nacional de este.<\/p>\n\n\n\n<p>La Gobernadora Ana Mayorga destac\u00f3 la importancia de este programa en la\nprovincia de \u00daltima Esperanza, donde se ha podido llegar a localidades tan\napartadas como esta. \u201cHoy quiero destacar esta importante llegada de fondos de\nla Subdere para que cada una de las Gobernaciones, y especialmente nuestra\nGobernaci\u00f3n tenga fondos para poder contratar a esta veterinaria que se une al\nequipo de trabajo bajo el lema de Veterinarios en Marcha del Programa Mascota\nProtegida, los cuales son fondos muy importantes ya que es un trabajo netamente\nen terreno, principalmente en la provincia de \u00daltima Esperanza, en lugares\napartados como Cerro Guido, Torres del Paine, Cerro Castillo y ahora Puerto\nEd\u00e9n, un lugar que est\u00e1 a 28 horas de navegaci\u00f3n\u201d, se\u00f1al\u00f3.<\/p>\n\n\n\n<p>Adem\u00e1s agreg\u00f3 que &nbsp;\u201cestos fondos nos\npermiten tener esta profesional 100% dedicada al trabajo en terreno, 100%\ndedicada a responder a las necesidades de las personas y sus mascotas&nbsp; en distintos horarios para que la comunidad\ntenga acceso y oportunidad de chipear a su mascota y conocer de lleno el\nprograma de Mascota Protegida\u201d.<\/p>\n\n\n\n<p>Respecto a la visita a Puerto Ed\u00e9n, la veterinaria encargada de este\nprograma, Cecilia Cris\u00f3stomo, coment\u00f3 que \u201cla poblaci\u00f3n aproximada de Puerto\nEd\u00e9n es de 90 personas y hay 60 mascotas, o sea pr\u00e1cticamente el 100% de la\npoblaci\u00f3n tiene mascota y no est\u00e1n todas chipeadas. Hay perros que tampoco\nest\u00e1n esterilizados porque hay due\u00f1os de mascotas que se reh\u00fasan a la\nesterilizaci\u00f3n y en esta visita nos hemos dado cuenta que esa falta de\nesterilizaci\u00f3n ha generado camadas nuevas, donde pude chipear a algunos\nperros\u201d. La veterinaria fue enf\u00e1tica en que \u201clo que falta aqu\u00ed es educaci\u00f3n\nporque si las familias se est\u00e1n rehusando a la esterilizaci\u00f3n es porque no\ntienen claro el problema de salud p\u00fablica que podr\u00edan generar en la localidad\nla sobrepoblaci\u00f3n de perros y la poblaci\u00f3n de perros asilvestrados, los cuales\nlos tuvimos a la vista pero necesitamos mucho m\u00e1s apoyo para poder capturarlos\ny supervisar el trabajo con ellos\u201d.<\/p>\n\n\n\n<p>El trabajo que ha realizado la profesional Cecilia Cris\u00f3stomo es en terreno\ny la Gobernadora destaca esta ardua tarea que est\u00e1 llevando a cabo la\nveterinaria: \u201chemos querido entregar este servicio y llegar con nuestra\nveterinaria para que pueda atender los requerimientos de la poblaci\u00f3n, para\nresaltar el trabajo en terreno que realiza la profesional con las charlas\neducativas a la poblaci\u00f3n, con el chipeo de los perritos en el lugar y tambi\u00e9n\nbuscando otras alternativas que ellos requieren por parte de este programa\u201d. <\/p>\n\n\n\n<p>Para finalizar, Cris\u00f3stomo destac\u00f3 la labor que ha realizado el Municipio\nen esta materia de tenencia responsable: \u201cla visita a Puerto Ed\u00e9n, si bien es\nuna localidad que ya ha sido intervenida por el municipio falta mucho por\nhacer. Realizamos una visita puerta a puerta, donde los locatarios se mostraron\nmuy interesados en la tem\u00e1tica de tenencia responsable y nos plantearon algunas\nproblem\u00e1ticas como por ejemplo las mordeduras de perros a turistas que llegan\nen cruceros a Puerto Eden y ah\u00ed hay problemas. El municipio de Puerto Natales\nha abarcado bastante la poblaci\u00f3n de mascotas con identificaci\u00f3n oficial a\ntrav\u00e9s de chip, pero a\u00fan faltan. La poblaci\u00f3n est\u00e1 super dispuesta a hacer\ncosas, a educarse, Carabineros tambi\u00e9n ya que ellos no sab\u00edan mucho qu\u00e9 es lo\nque estaba pasando con este programa, si ellos no saben, no pueden fiscalizar,\npero hay un sector de la poblaci\u00f3n que a\u00fan no est\u00e1 enterado no est\u00e1 bien\neducado y ah\u00ed es donde necesitamos reforzar para educar\u201d.<\/p>\n\n\n\n<p>En la primera jornada de implantaci\u00f3n de chip a mascotas se lograron\nregistrar 84 animales y hoy jueves 17 se realizar\u00e1 la segunda jornada de chipeo\na las 18.00 horas en la Junta 41 Kajeco.<\/p>\n","protected":false},"excerpt":{"rendered":"<p>Un grupo de funcionarios de la gobernaci\u00f3n de \u00daltima Esperanza se desplaz\u00f3 hasta la localidad de Puerto Ed\u00e9n para realizar trabajo en terreno, presentar programas y abordar las principales necesidades&#8230; <a class=\"read-more\" href=\"https:\/\/www.radiopresidenteibanez.cl\/web\/programa-mascota-protegida-de-gobernacion-ultima-esperanza-llego-hasta-puerto-eden\/\">Leer m\u00e1s<\/a><\/p>\n","protected":false},"author":2,"featured_media":7675,"comment_status":"closed","ping_status":"closed","sticky":false,"template":"","format":"standard","meta":{"footnotes":""},"categories":[1],"tags":[],"class_list":["post-7674","post","type-post","status-publish","format-standard","has-post-thumbnail","hentry","category-cronica"],"_links":{"self":[{"href":"https:\/\/www.radiopresidenteibanez.cl\/web\/wp-json\/wp\/v2\/posts\/7674","targetHints":{"allow":["GET"]}}],"collection":[{"href":"https:\/\/www.radiopresidenteibanez.cl\/web\/wp-json\/wp\/v2\/posts"}],"about":[{"href":"https:\/\/www.radiopresidenteibanez.cl\/web\/wp-json\/wp\/v2\/types\/post"}],"author":[{"embeddable":true,"href":"https:\/\/www.radiopresidenteibanez.cl\/web\/wp-json\/wp\/v2\/users\/2"}],"replies":[{"embeddable":true,"href":"https:\/\/www.radiopresidenteibanez.cl\/web\/wp-json\/wp\/v2\/comments?post=7674"}],"version-history":[{"count":0,"href":"https:\/\/www.radiopresidenteibanez.cl\/web\/wp-json\/wp\/v2\/posts\/7674\/revisions"}],"wp:featuredmedia":[{"embeddable":true,"href":"https:\/\/www.radiopresidenteibanez.cl\/web\/wp-json\/wp\/v2\/media\/7675"}],"wp:attachment":[{"href":"https:\/\/www.radiopresidenteibanez.cl\/web\/wp-json\/wp\/v2\/media?parent=7674"}],"wp:term":[{"taxonomy":"category","embeddable":true,"href":"https:\/\/www.radiopresidenteibanez.cl\/web\/wp-json\/wp\/v2\/categories?post=7674"},{"taxonomy":"post_tag","embeddable":true,"href":"https:\/\/www.radiopresidenteibanez.cl\/web\/wp-json\/wp\/v2\/tags?post=7674"}],"curies":[{"name":"wp","href":"https:\/\/api.w.org\/{rel}","templated":true}]}}