{"id":7656,"date":"2019-10-17T14:31:11","date_gmt":"2019-10-17T14:31:11","guid":{"rendered":"http:\/\/www.radiopresidenteibanez.cl\/web\/?p=7656"},"modified":"2019-10-17T14:31:17","modified_gmt":"2019-10-17T14:31:17","slug":"pdi-incauta-cocaina-cannabis-y-mdma-el-decomiso-de-droga-mas-grande-del-ano-en-magallanes","status":"publish","type":"post","link":"https:\/\/www.radiopresidenteibanez.cl\/web\/pdi-incauta-cocaina-cannabis-y-mdma-el-decomiso-de-droga-mas-grande-del-ano-en-magallanes\/","title":{"rendered":"PDI INCAUTA COCA\u00cdNA, CANNABIS Y MDMA: EL DECOMISO DE DROGA M\u00c1S GRANDE DEL A\u00d1O EN MAGALLANES"},"content":{"rendered":"\n<p>Una mujer\nfue detenida la ma\u00f1ana de este mi\u00e9rcoles en el aeropuerto de Punta Arenas, tras\nser detectada por oficiales de la Brigada Antinarc\u00f3ticos y Contra el Crimen\nOrganizado (Brianco), portando m\u00e1s de 3,5 kilogramos de droga. <\/p>\n\n\n\n<p>El\ncomisario Patricio Flores, jefe de la Brianco Punta Arenas, explic\u00f3 que la\nmujer llevaba la droga adosada a su abdomen en una faja pl\u00e1stica de tipo\nartesanal. \u201cCerca de las 6:30 de la ma\u00f1ana los detectives antinarc\u00f3ticos\nperfilaron a una mujer, en base a una se\u00f1al de alerta que emite la ejemplar\ncanino Emma\u201d, agreg\u00f3. <\/p>\n\n\n\n<p>La ciudadana\nextranjera de 30 a\u00f1os, que hab\u00eda arribado a Punta Arenas en un vuelo comercial\nproveniente de Santiago, portaba 100 pastillas de MDMA, -droga de s\u00edntesis m\u00e1s\nconocida como \u00e9xtasis-, adem\u00e1s de 1.980 gramos de cannabis sativa y 1.549 gramos\nde clorhidrato de coca\u00edna. <\/p>\n\n\n\n<p>El jefe de\nla Brigada Antinarc\u00f3ticos y Contra el Crimen Organizado Punta Arenas indic\u00f3 que\n\u00e9sta es la incautaci\u00f3n de droga m\u00e1s importante en lo que va del 2019 en la\nregi\u00f3n de Magallanes y que gracias a este procedimiento policial se lograron\nsacar de circulaci\u00f3n m\u00e1s de 4 mil dosis de droga, que iban a ser\ncomercializadas entre traficantes, microtraficantes y adictos de la zona. <\/p>\n\n\n\n<p>Este mi\u00e9rcoles,\nla detenida fue puesta a disposici\u00f3n del Juzgado de Garant\u00eda de Punta Arenas,\ndonde fue formalizada por el delito de tr\u00e1fico il\u00edcito de drogas, quedando en\nprisi\u00f3n preventiva mientras dure la investigaci\u00f3n. &nbsp;<\/p>\n","protected":false},"excerpt":{"rendered":"<p>Una mujer fue detenida la ma\u00f1ana de este mi\u00e9rcoles en el aeropuerto de Punta Arenas, tras ser detectada por oficiales de la Brigada Antinarc\u00f3ticos y Contra el Crimen Organizado (Brianco),&#8230; <a class=\"read-more\" href=\"https:\/\/www.radiopresidenteibanez.cl\/web\/pdi-incauta-cocaina-cannabis-y-mdma-el-decomiso-de-droga-mas-grande-del-ano-en-magallanes\/\">Leer m\u00e1s<\/a><\/p>\n","protected":false},"author":2,"featured_media":7657,"comment_status":"closed","ping_status":"closed","sticky":false,"template":"","format":"standard","meta":{"footnotes":""},"categories":[6],"tags":[],"class_list":["post-7656","post","type-post","status-publish","format-standard","has-post-thumbnail","hentry","category-policial"],"_links":{"self":[{"href":"https:\/\/www.radiopresidenteibanez.cl\/web\/wp-json\/wp\/v2\/posts\/7656","targetHints":{"allow":["GET"]}}],"collection":[{"href":"https:\/\/www.radiopresidenteibanez.cl\/web\/wp-json\/wp\/v2\/posts"}],"about":[{"href":"https:\/\/www.radiopresidenteibanez.cl\/web\/wp-json\/wp\/v2\/types\/post"}],"author":[{"embeddable":true,"href":"https:\/\/www.radiopresidenteibanez.cl\/web\/wp-json\/wp\/v2\/users\/2"}],"replies":[{"embeddable":true,"href":"https:\/\/www.radiopresidenteibanez.cl\/web\/wp-json\/wp\/v2\/comments?post=7656"}],"version-history":[{"count":0,"href":"https:\/\/www.radiopresidenteibanez.cl\/web\/wp-json\/wp\/v2\/posts\/7656\/revisions"}],"wp:featuredmedia":[{"embeddable":true,"href":"https:\/\/www.radiopresidenteibanez.cl\/web\/wp-json\/wp\/v2\/media\/7657"}],"wp:attachment":[{"href":"https:\/\/www.radiopresidenteibanez.cl\/web\/wp-json\/wp\/v2\/media?parent=7656"}],"wp:term":[{"taxonomy":"category","embeddable":true,"href":"https:\/\/www.radiopresidenteibanez.cl\/web\/wp-json\/wp\/v2\/categories?post=7656"},{"taxonomy":"post_tag","embeddable":true,"href":"https:\/\/www.radiopresidenteibanez.cl\/web\/wp-json\/wp\/v2\/tags?post=7656"}],"curies":[{"name":"wp","href":"https:\/\/api.w.org\/{rel}","templated":true}]}}