{"id":7634,"date":"2019-10-16T14:35:39","date_gmt":"2019-10-16T14:35:39","guid":{"rendered":"http:\/\/www.radiopresidenteibanez.cl\/web\/?p=7634"},"modified":"2019-10-16T14:35:45","modified_gmt":"2019-10-16T14:35:45","slug":"plaza-de-las-banderas-incorporara-seis-nuevos-paises-en-sus-pabellones","status":"publish","type":"post","link":"https:\/\/www.radiopresidenteibanez.cl\/web\/plaza-de-las-banderas-incorporara-seis-nuevos-paises-en-sus-pabellones\/","title":{"rendered":"PLAZA DE LAS BANDERAS INCORPORAR\u00c1 SEIS NUEVOS PA\u00cdSES EN SUS PABELLONES"},"content":{"rendered":"\n<p>\u201cEstoy muy emocionada, porque para cualquier ser humano cuando sale de su pa\u00eds, ver un s\u00edmbolo patrio, escuchar el himno nacional es potente y emocionante. Pensar que el viento de la Patagonia va abrazar nuestra bandera, es maravilloso\u201d, fueron las palabras de Geraldine P\u00e9rez, presidenta de la Agrupaci\u00f3n de Venezolanos en la Patagonia Chilena al conocer el proyecto que se est\u00e1 desarrollando en la Plaza de las Banderas, ubicada en avenida Manuel Bulnes con Los Flamencos.<\/p>\n\n\n\n<p>Por su parte el alcalde Claudio Radonich, explic\u00f3 que \u201cesta plaza se encuentra en un lugar estrat\u00e9gico, por lo que es ideal para replicar nuestras letras de Punta Arenas y poder actualizar los pabellones que hoy est\u00e1n en esta Plaza, incorporando a los nuevos inmigrantes\u201d.<\/p>\n\n\n\n<p>\u201cPor tanto, se suman 6 nuevos pa\u00edses, entre los que aparece Venezuela, por lo que les presentamos el proyecto a ellos, y a la vez pudimos revisar los avances que se han concretado hasta ahora\u201d, agreg\u00f3 la primera autoridad comunal.<\/p>\n\n\n\n<p>La obra ser\u00e1 entregada en febrero del 2020 y cuenta con una inversi\u00f3n cercana a los 80 millones de pesos. El proyecto considera la incorporaci\u00f3n de las Letras Punta Arenas que dar\u00e1n la bienvenida a la ciudad que el pr\u00f3ximo a\u00f1o rige como Capital Americana de la Cultura 2020 y sede de las conmemoraciones de los 500 a\u00f1os del Estrecho de Magallanes.<\/p>\n\n\n\n<p>Adem\u00e1s, considera la construcci\u00f3n de aceras de hormig\u00f3n, iluminaci\u00f3n, nuevos m\u00e1stiles y pabellones para banderas, lo que se suma a un trabajo de recuperaci\u00f3n de las \u00e1reas verdes del lugar.<\/p>\n\n\n\n<p>Actualmente, en la regi\u00f3n de Magallanes y Ant\u00e1rtica Chilena, la colonia venezolana supera las 2 mil personas, de las cuales la mitad reside en Punta Arenas.<br><\/p>\n","protected":false},"excerpt":{"rendered":"<p>\u201cEstoy muy emocionada, porque para cualquier ser humano cuando sale de su pa\u00eds, ver un s\u00edmbolo patrio, escuchar el himno nacional es potente y emocionante. Pensar que el viento de&#8230; <a class=\"read-more\" href=\"https:\/\/www.radiopresidenteibanez.cl\/web\/plaza-de-las-banderas-incorporara-seis-nuevos-paises-en-sus-pabellones\/\">Leer m\u00e1s<\/a><\/p>\n","protected":false},"author":2,"featured_media":7635,"comment_status":"closed","ping_status":"closed","sticky":false,"template":"","format":"standard","meta":{"footnotes":""},"categories":[1],"tags":[],"class_list":["post-7634","post","type-post","status-publish","format-standard","has-post-thumbnail","hentry","category-cronica"],"_links":{"self":[{"href":"https:\/\/www.radiopresidenteibanez.cl\/web\/wp-json\/wp\/v2\/posts\/7634","targetHints":{"allow":["GET"]}}],"collection":[{"href":"https:\/\/www.radiopresidenteibanez.cl\/web\/wp-json\/wp\/v2\/posts"}],"about":[{"href":"https:\/\/www.radiopresidenteibanez.cl\/web\/wp-json\/wp\/v2\/types\/post"}],"author":[{"embeddable":true,"href":"https:\/\/www.radiopresidenteibanez.cl\/web\/wp-json\/wp\/v2\/users\/2"}],"replies":[{"embeddable":true,"href":"https:\/\/www.radiopresidenteibanez.cl\/web\/wp-json\/wp\/v2\/comments?post=7634"}],"version-history":[{"count":0,"href":"https:\/\/www.radiopresidenteibanez.cl\/web\/wp-json\/wp\/v2\/posts\/7634\/revisions"}],"wp:featuredmedia":[{"embeddable":true,"href":"https:\/\/www.radiopresidenteibanez.cl\/web\/wp-json\/wp\/v2\/media\/7635"}],"wp:attachment":[{"href":"https:\/\/www.radiopresidenteibanez.cl\/web\/wp-json\/wp\/v2\/media?parent=7634"}],"wp:term":[{"taxonomy":"category","embeddable":true,"href":"https:\/\/www.radiopresidenteibanez.cl\/web\/wp-json\/wp\/v2\/categories?post=7634"},{"taxonomy":"post_tag","embeddable":true,"href":"https:\/\/www.radiopresidenteibanez.cl\/web\/wp-json\/wp\/v2\/tags?post=7634"}],"curies":[{"name":"wp","href":"https:\/\/api.w.org\/{rel}","templated":true}]}}