{"id":7625,"date":"2019-10-15T15:26:51","date_gmt":"2019-10-15T15:26:51","guid":{"rendered":"http:\/\/www.radiopresidenteibanez.cl\/web\/?p=7625"},"modified":"2019-10-15T15:26:57","modified_gmt":"2019-10-15T15:26:57","slug":"intendente-regional-jose-fernandez-se-reune-con-comitiva-de-consejeros-regionales-de-aysen","status":"publish","type":"post","link":"https:\/\/www.radiopresidenteibanez.cl\/web\/intendente-regional-jose-fernandez-se-reune-con-comitiva-de-consejeros-regionales-de-aysen\/","title":{"rendered":"INTENDENTE REGIONAL JOS\u00c9 FERN\u00c1NDEZ SE RE\u00daNE CON COMITIVA DE CONSEJEROS REGIONALES DE AYS\u00c9N"},"content":{"rendered":"\n<p>El Intendente\nRegional Jos\u00e9 Fern\u00e1ndez, el Administrador Regional Arnaldo Alarcon y el Jefe de\nla Divisi\u00f3n de Fomento e Industrias V\u00edctor Fern\u00e1ndez, y la Secretaria Regional\nMinisterial de Hacienda, sostuvieron una importante reuni\u00f3n de trabajo con\nConsejeros Regionales de Ays\u00e9n, con el objetivo de fortalecer los Gobiernos\nRegionales, ver materias de inter\u00e9s y aprovechar las experiencias exitosas de ambas\nen pos del beneficio de los habitantes de las vecinas zonas de nuestro Pa\u00eds.<\/p>\n\n\n\n<p>En la reuni\u00f3n se\ntrataron diversas materias y proyectos desarrollados particularmente por\nnuestra regi\u00f3n y que son de inter\u00e9s para los consejeros de la regi\u00f3n de Ays\u00e9n,\nen la cita se destac\u00f3 como Magallanes ha avanzado en diversas materias y ha\nlogrado concretar proyectos que tambi\u00e9n son de inter\u00e9s para dicha localidad, la\nidea seg\u00fan detallaron los Consejeros es poder aprovechar estas experiencias exitosas\ny replicarlas de la mejor forma. Las autoridades regionales rescataron y\npusieron en valor varias iniciativas en las que nuestra contraparte ha sido pionera\ny analizaron la forma en que dichos proyectos pueden aplicarse en Magallanes. &nbsp;<\/p>\n\n\n\n<p>Dos de los temas\nque destacaron en la reuni\u00f3n, fueron Zona Franca y el Plan de Zonas Extremas,\ncabe mencionar que los consejeros sostuvieron una importante reuni\u00f3n con la\nadministradora de Zona Franca, por otra parte, el PEDZE tambi\u00e9n fue un tema\ntrabajado en esta reuni\u00f3n, esto es por la importancia que reviste para ambas\nregiones, adem\u00e1s de su continuidad.<\/p>\n\n\n\n<p>Los asistentes a la\nreuni\u00f3n, valoraron exitosamente esta iniciativa y concluyeron que mesas de\ntrabajo como estas permiten generar insumos importantes para ambas\nadministraciones y entregan informaci\u00f3n importante a la hora de evaluar\nproyectos y pol\u00edticas p\u00fablicas, ya que se adquieren experiencias que permiten avalar\ncon fundamentos futuras iniciativas. &nbsp;<\/p>\n","protected":false},"excerpt":{"rendered":"<p>El Intendente Regional Jos\u00e9 Fern\u00e1ndez, el Administrador Regional Arnaldo Alarcon y el Jefe de la Divisi\u00f3n de Fomento e Industrias V\u00edctor Fern\u00e1ndez, y la Secretaria Regional Ministerial de Hacienda, sostuvieron&#8230; <a class=\"read-more\" href=\"https:\/\/www.radiopresidenteibanez.cl\/web\/intendente-regional-jose-fernandez-se-reune-con-comitiva-de-consejeros-regionales-de-aysen\/\">Leer m\u00e1s<\/a><\/p>\n","protected":false},"author":2,"featured_media":7626,"comment_status":"closed","ping_status":"closed","sticky":false,"template":"","format":"standard","meta":{"footnotes":""},"categories":[1],"tags":[],"class_list":["post-7625","post","type-post","status-publish","format-standard","has-post-thumbnail","hentry","category-cronica"],"_links":{"self":[{"href":"https:\/\/www.radiopresidenteibanez.cl\/web\/wp-json\/wp\/v2\/posts\/7625","targetHints":{"allow":["GET"]}}],"collection":[{"href":"https:\/\/www.radiopresidenteibanez.cl\/web\/wp-json\/wp\/v2\/posts"}],"about":[{"href":"https:\/\/www.radiopresidenteibanez.cl\/web\/wp-json\/wp\/v2\/types\/post"}],"author":[{"embeddable":true,"href":"https:\/\/www.radiopresidenteibanez.cl\/web\/wp-json\/wp\/v2\/users\/2"}],"replies":[{"embeddable":true,"href":"https:\/\/www.radiopresidenteibanez.cl\/web\/wp-json\/wp\/v2\/comments?post=7625"}],"version-history":[{"count":0,"href":"https:\/\/www.radiopresidenteibanez.cl\/web\/wp-json\/wp\/v2\/posts\/7625\/revisions"}],"wp:featuredmedia":[{"embeddable":true,"href":"https:\/\/www.radiopresidenteibanez.cl\/web\/wp-json\/wp\/v2\/media\/7626"}],"wp:attachment":[{"href":"https:\/\/www.radiopresidenteibanez.cl\/web\/wp-json\/wp\/v2\/media?parent=7625"}],"wp:term":[{"taxonomy":"category","embeddable":true,"href":"https:\/\/www.radiopresidenteibanez.cl\/web\/wp-json\/wp\/v2\/categories?post=7625"},{"taxonomy":"post_tag","embeddable":true,"href":"https:\/\/www.radiopresidenteibanez.cl\/web\/wp-json\/wp\/v2\/tags?post=7625"}],"curies":[{"name":"wp","href":"https:\/\/api.w.org\/{rel}","templated":true}]}}