{"id":7621,"date":"2019-10-14T19:48:04","date_gmt":"2019-10-14T19:48:04","guid":{"rendered":"http:\/\/www.radiopresidenteibanez.cl\/web\/?p=7621"},"modified":"2019-10-14T19:48:11","modified_gmt":"2019-10-14T19:48:11","slug":"14-de-los-jovenes-entre-15-y-29-anos-no-estudia-ni-trabaja-en-magallanes","status":"publish","type":"post","link":"https:\/\/www.radiopresidenteibanez.cl\/web\/14-de-los-jovenes-entre-15-y-29-anos-no-estudia-ni-trabaja-en-magallanes\/","title":{"rendered":"14% DE LOS J\u00d3VENES ENTRE 15 Y 29 A\u00d1OS NO ESTUDIA NI TRABAJA EN MAGALLANES"},"content":{"rendered":"\n<p>\u201cEs importante\ntener noci\u00f3n de cu\u00e1ntos j\u00f3venes y mujeres hoy d\u00eda est\u00e1n fuera de los estudios y\ndel mercado laboral a fin de apuntar nuestros esfuerzos a ellos\u201d, fueron las\npalabras de la Seremi del Trabajo, Victoria Cort\u00e9s, en funci\u00f3n de los datos\nrecopilados por el Observatorio Laboral de Magallanes (OLM) en su \u00faltimo\nbolet\u00edn y que se\u00f1alan que un 14% de los j\u00f3venes no estudia ni trabaja en la\nregi\u00f3n.<\/p>\n\n\n\n<p>Se trata de los\nllamados \u201cNinis\u201d (joven que no estudia ni trabaja en el mercado), cuyo\nporcentaje regional equivale a un n\u00famero de 4.576 j\u00f3venes, de un total de\n33.317 de entre 15 y 29 a\u00f1os que actualmente viven en la zona y que sit\u00faa a\nMagallanes por sobre el promedio nacional que es de un 11%.<\/p>\n\n\n\n<p>En palabras de\nla secretaria regional ministerial del Trabajo, \u201csabemos que en todas las\nregiones del pa\u00eds hay j\u00f3venes que no estudian ni trabajan y, sin duda, es una\npreocupante realidad que debemos afrontar. Por ello, el trabajo que realiza el\nObservatorio para darnos a conocer y refrescar estas cifras es importante, por\ncuanto, a trav\u00e9s de \u00e9l podemos saber cu\u00e1les son las razonas de esta inactividad\ny que, en la mayor parte del tiempo es por factores que no son controlables por\nellos, como situaciones familiares, enfermedades, hijos peque\u00f1os, discapacidad,\nentre otras\u201d.<\/p>\n\n\n\n<p>Los datos m\u00e1s\nimportantes que aporta el estudio dicen, por ejemplo, que un 20% de los NINI\npresenta una educaci\u00f3n media incompleta o menos y que corresponde a un total de\n948 j\u00f3venes magall\u00e1nicos, de los cuales, al menos un 24% de aquellos que tienen\nentre 25 y 29 a\u00f1os declara tener una educaci\u00f3n media incompleta o menos.<\/p>\n\n\n\n<p>Asimismo, se\nse\u00f1ala que la mayor concentraci\u00f3n de NINI est\u00e1 en los hogares de los quintiles\nde m\u00e1s bajos ingresos, donde un 31% de las mujeres del quintil (Q1) de menor\ningreso no estudia ni trabaja, frente a un 25% de los hombres del mismo grupo\nsocioecon\u00f3mico. Un aspecto relevante es que, en todos los quintiles, las\nmujeres superan en cantidad a los hombres que no estudian ni trabajan.<\/p>\n\n\n\n<p>\u201cAlgo muy\nimportante que revela el estudio son las razones para no trabajar ni estudiar,\ndonde los hombres NINI, por ejemplo, se\u00f1alan que las principales razones son la\nfalta de inter\u00e9s, estar enfermo o presentar alguna discapacidad. Mientras que\nen el caso de las mujeres NINI, las principales son el cuidado de ni\u00f1os y el\nestar a cargo de la casa, lo cual indica la importancia de que se entreguen\nopciones para este tipo de situaciones, como la que plantea el proyecto de Sala\nCuna Universal, con mayores oportunidades de incorporaci\u00f3n laboral, como lo ha\nmandatado nuestro Presidente Sebasti\u00e1n Pi\u00f1era\u201d, acot\u00f3 la autoridad.<\/p>\n\n\n\n<p>En ese sentido,\nel informe se\u00f1ala que un 0% de los hombres que no estudian ni trabajan se\u00f1alan\nmotivos relacionados con el cuidado de los hijos, en tanto, 18% indica que no\ntiene inter\u00e9s en trabajar y un 10% indica razones de salud o discapacidad. En\ntanto, las mujeres, un 19% se\u00f1alan razones relacionadas con los quehaceres del\nhogar, un 8% por salud y un 5% por falta de inter\u00e9s.<\/p>\n","protected":false},"excerpt":{"rendered":"<p>\u201cEs importante tener noci\u00f3n de cu\u00e1ntos j\u00f3venes y mujeres hoy d\u00eda est\u00e1n fuera de los estudios y del mercado laboral a fin de apuntar nuestros esfuerzos a ellos\u201d, fueron las&#8230; <a class=\"read-more\" href=\"https:\/\/www.radiopresidenteibanez.cl\/web\/14-de-los-jovenes-entre-15-y-29-anos-no-estudia-ni-trabaja-en-magallanes\/\">Leer m\u00e1s<\/a><\/p>\n","protected":false},"author":2,"featured_media":7622,"comment_status":"closed","ping_status":"closed","sticky":false,"template":"","format":"standard","meta":{"footnotes":""},"categories":[1],"tags":[],"class_list":["post-7621","post","type-post","status-publish","format-standard","has-post-thumbnail","hentry","category-cronica"],"_links":{"self":[{"href":"https:\/\/www.radiopresidenteibanez.cl\/web\/wp-json\/wp\/v2\/posts\/7621","targetHints":{"allow":["GET"]}}],"collection":[{"href":"https:\/\/www.radiopresidenteibanez.cl\/web\/wp-json\/wp\/v2\/posts"}],"about":[{"href":"https:\/\/www.radiopresidenteibanez.cl\/web\/wp-json\/wp\/v2\/types\/post"}],"author":[{"embeddable":true,"href":"https:\/\/www.radiopresidenteibanez.cl\/web\/wp-json\/wp\/v2\/users\/2"}],"replies":[{"embeddable":true,"href":"https:\/\/www.radiopresidenteibanez.cl\/web\/wp-json\/wp\/v2\/comments?post=7621"}],"version-history":[{"count":0,"href":"https:\/\/www.radiopresidenteibanez.cl\/web\/wp-json\/wp\/v2\/posts\/7621\/revisions"}],"wp:featuredmedia":[{"embeddable":true,"href":"https:\/\/www.radiopresidenteibanez.cl\/web\/wp-json\/wp\/v2\/media\/7622"}],"wp:attachment":[{"href":"https:\/\/www.radiopresidenteibanez.cl\/web\/wp-json\/wp\/v2\/media?parent=7621"}],"wp:term":[{"taxonomy":"category","embeddable":true,"href":"https:\/\/www.radiopresidenteibanez.cl\/web\/wp-json\/wp\/v2\/categories?post=7621"},{"taxonomy":"post_tag","embeddable":true,"href":"https:\/\/www.radiopresidenteibanez.cl\/web\/wp-json\/wp\/v2\/tags?post=7621"}],"curies":[{"name":"wp","href":"https:\/\/api.w.org\/{rel}","templated":true}]}}