{"id":7615,"date":"2019-10-14T19:42:36","date_gmt":"2019-10-14T19:42:36","guid":{"rendered":"http:\/\/www.radiopresidenteibanez.cl\/web\/?p=7615"},"modified":"2019-10-14T19:42:43","modified_gmt":"2019-10-14T19:42:43","slug":"gimnasio-fiscal-contara-con-nuevas-graderias-retractiles","status":"publish","type":"post","link":"https:\/\/www.radiopresidenteibanez.cl\/web\/gimnasio-fiscal-contara-con-nuevas-graderias-retractiles\/","title":{"rendered":"GIMNASIO FISCAL CONTAR\u00c1 CON NUEVAS GRADER\u00cdAS RETR\u00c1CTILES"},"content":{"rendered":"\n<p>Tras las reparaciones realizadas\nen 2018 con motivo de los Juegos de la Araucan\u00eda, donde se conserv\u00f3 el piso\nmachimbrado de la cancha y los tableros, el Gimnasio Fiscal tendr\u00e1 nuevos\narreglos durante este 2019 y contar\u00e1 con nuevas grader\u00edas retr\u00e1ctiles. <\/p>\n\n\n\n<p>Gracias a un proyecto que ser\u00e1\nejecutado y financiado con fondos sectoriales, alcanzando una inversi\u00f3n de 170\nmillones de pesos, el recinto deportivo contar\u00e1 con nuevas tribunas, las que\ntendr\u00e1n una capacidad para 308. <\/p>\n\n\n\n<p>Con esta remodelaci\u00f3n, el aforo\ndel Gimnasio Fiscal alcanzar\u00e1 las 788 personas para eventos deportivos, ya que\nlas grader\u00edas fijas tienen una capacidad de 400 personas y se suman las 80 que\nalbergan las ala norte y sur, mientras que para eventos recreativos se puede\nalcanzar un total de 1388 personas con la instalaci\u00f3n de 900 sillas en la\ncancha del recinto. &nbsp;<\/p>\n\n\n\n<p>Los trabajos de este proyecto\ncomenzaron a finales de septiembre con el retiro de las antiguas grader\u00edas\nm\u00f3viles y ahora se pondr\u00e1 en pausa con motivo de las Jornadas por la\nRehabilitaci\u00f3n y la Final Nacional de las Ligas de Educaci\u00f3n Superior, por lo\nque la finalizaci\u00f3n de las obras est\u00e1 contemplada para mediados de diciembre. <\/p>\n\n\n\n<p>\u201cEstas obras, las que son\nfinanciadas con fondos sectoriales provenientes del Instituto Nacional de\nDeportes, permitir\u00e1 mejorar el principal gimnasio de Punta Arenas y\nfortalecerlo a\u00fan m\u00e1s tras las inversiones realizadas en 2018. Sabemos que\ncerrar el Fiscal puede traer inconvenientes por la suspensi\u00f3n de actividades,\npero era necesario renovar nuestras grader\u00edas retr\u00e1ctiles para que el recinto\ntenga m\u00e1s comodidades\u201d, se\u00f1al\u00f3 la Seremi del Deporte, Odette Callahan. <\/p>\n\n\n\n<p>Adem\u00e1s de las mejoras en las\ngrader\u00edas del Gimnasio Fiscal, el Albergue Deportivo, ubicado en Enrique Abello\ncon Uruguay, tambi\u00e9n sufrir\u00e1 arreglos gracias a un proyecto sectorial que\nalcanzar\u00e1 los 38 millones durante 2019, el que permitir\u00e1 renovar equipamiento y\nmenaje. <\/p>\n\n\n\n<p>Para 2020, en tanto, se prepara\nuna inversi\u00f3n de m\u00e1s de 200 millones en el Albergue Deportivo, los que ser\u00e1n\ninvertidos en pintar el recinto, la reposici\u00f3n de la calefacci\u00f3n, las\ninstalaciones el\u00e9ctricas y de gas, y la reparaci\u00f3n de los ba\u00f1os. <\/p>\n","protected":false},"excerpt":{"rendered":"<p>Tras las reparaciones realizadas en 2018 con motivo de los Juegos de la Araucan\u00eda, donde se conserv\u00f3 el piso machimbrado de la cancha y los tableros, el Gimnasio Fiscal tendr\u00e1&#8230; <a class=\"read-more\" href=\"https:\/\/www.radiopresidenteibanez.cl\/web\/gimnasio-fiscal-contara-con-nuevas-graderias-retractiles\/\">Leer m\u00e1s<\/a><\/p>\n","protected":false},"author":2,"featured_media":7616,"comment_status":"closed","ping_status":"closed","sticky":false,"template":"","format":"standard","meta":{"footnotes":""},"categories":[3],"tags":[],"class_list":["post-7615","post","type-post","status-publish","format-standard","has-post-thumbnail","hentry","category-deportes"],"_links":{"self":[{"href":"https:\/\/www.radiopresidenteibanez.cl\/web\/wp-json\/wp\/v2\/posts\/7615","targetHints":{"allow":["GET"]}}],"collection":[{"href":"https:\/\/www.radiopresidenteibanez.cl\/web\/wp-json\/wp\/v2\/posts"}],"about":[{"href":"https:\/\/www.radiopresidenteibanez.cl\/web\/wp-json\/wp\/v2\/types\/post"}],"author":[{"embeddable":true,"href":"https:\/\/www.radiopresidenteibanez.cl\/web\/wp-json\/wp\/v2\/users\/2"}],"replies":[{"embeddable":true,"href":"https:\/\/www.radiopresidenteibanez.cl\/web\/wp-json\/wp\/v2\/comments?post=7615"}],"version-history":[{"count":0,"href":"https:\/\/www.radiopresidenteibanez.cl\/web\/wp-json\/wp\/v2\/posts\/7615\/revisions"}],"wp:featuredmedia":[{"embeddable":true,"href":"https:\/\/www.radiopresidenteibanez.cl\/web\/wp-json\/wp\/v2\/media\/7616"}],"wp:attachment":[{"href":"https:\/\/www.radiopresidenteibanez.cl\/web\/wp-json\/wp\/v2\/media?parent=7615"}],"wp:term":[{"taxonomy":"category","embeddable":true,"href":"https:\/\/www.radiopresidenteibanez.cl\/web\/wp-json\/wp\/v2\/categories?post=7615"},{"taxonomy":"post_tag","embeddable":true,"href":"https:\/\/www.radiopresidenteibanez.cl\/web\/wp-json\/wp\/v2\/tags?post=7615"}],"curies":[{"name":"wp","href":"https:\/\/api.w.org\/{rel}","templated":true}]}}