{"id":7602,"date":"2019-10-14T14:09:32","date_gmt":"2019-10-14T14:09:32","guid":{"rendered":"http:\/\/www.radiopresidenteibanez.cl\/web\/?p=7602"},"modified":"2019-10-14T14:09:39","modified_gmt":"2019-10-14T14:09:39","slug":"cpeip-llama-a-la-comunidad-docente-a-participar-del-primer-concurso-de-relatos-tu-experiencia-inspira","status":"publish","type":"post","link":"https:\/\/www.radiopresidenteibanez.cl\/web\/cpeip-llama-a-la-comunidad-docente-a-participar-del-primer-concurso-de-relatos-tu-experiencia-inspira\/","title":{"rendered":"CPEIP LLAMA A LA COMUNIDAD DOCENTE A PARTICIPAR DEL PRIMER CONCURSO DE RELATOS \u201cTU EXPERIENCIA INSPIRA\u201d"},"content":{"rendered":"\n<p>El Centro de Perfeccionamiento, Experimentaci\u00f3n e Investigaciones Pedag\u00f3gicas (CPEIP) del Ministerio de Educaci\u00f3n invita a educadoras, educadores y docentes a participar del primer concurso nacional de relatos docentes de este Centro, \u201cTu experiencia inspira\u201d.<\/p>\n\n\n\n<p>El objetivo de esta iniciativa es reconocer aquellos relatos que den cuenta de la reflexi\u00f3n diaria que realizan educadores y docentes sobre su propia pr\u00e1ctica, y la forma en que esta orienta su toma de decisiones para mejorar los procesos de ense\u00f1anza &#8211; aprendizaje. Asimismo, se busca compartir estas experiencias con todo el sistema escolar.<\/p>\n\n\n\n<p>\u201cLos profesores son el motor de nuestro sistema educativo y quienes tienen en sus manos la posibilidad de cambiar el mundo. Es por esto que en el mes que homenajea su labor hemos lanzado nuestro primer concurso de relatos donde la idea es poder conocer sus experiencias m\u00e1s innovadoras. Los maestros son poseedores de gran conocimiento pr\u00e1ctico y por lo mismo, conocer sus historias es de gran relevancia para nosotros y para toda la comunidad educativa\u201d, coment\u00f3 la directora del CPEIP, Francisca D\u00edaz.<\/p>\n\n\n\n<p><strong>\u00bfC\u00f3mo participar?<\/strong><\/p>\n\n\n\n<p>La idea es compartir un relato de 350 palabras que d\u00e9 cuenta del contexto en que el maestro se desempe\u00f1a, el desaf\u00edo que haya enfrentado en su pr\u00e1ctica pedag\u00f3gica, la reflexi\u00f3n surgida a partir de este problema y la soluci\u00f3n implementada para lograr aprendizajes en sus estudiantes, como tambi\u00e9n un breve an\u00e1lisis sobre los resultados obtenidos. Las postulaciones estar\u00e1n abiertas en la primera etapa&nbsp;<strong>hasta el 16 de octubre en&nbsp;<\/strong><a href=\"http:\/\/www.cpeip.cl\/\" target=\"_blank\" rel=\"noreferrer noopener\"><strong>www.cpeip.cl<\/strong><\/a><strong>.<\/strong><\/p>\n\n\n\n<p>El \u00fanico requisito para postular es desempe\u00f1arse actualmente como educador, educadora o docente en un establecimiento con reconocimiento oficial, de cualquier dependencia.<\/p>\n\n\n\n<p>Los tres primeros lugares y las cinco menciones honrosas recibir\u00e1n un diploma que acredite su participaci\u00f3n y reconocimiento obtenido en el concurso. Adicionalmente, los ganadores de los tres primeros lugares recibir\u00e1n un set de libros. Los relatos finalistas ser\u00e1n difundidos en&nbsp;<a href=\"http:\/\/cpeip.cl\/\" target=\"_blank\" rel=\"noreferrer noopener\">cpeip.cl<\/a>, en la Revista de Educaci\u00f3n y en las redes sociales del CPEIP.<\/p>\n\n\n\n<p>El jurado estar\u00e1 conformado por Francisca D\u00edaz, profesora de educaci\u00f3n general b\u00e1sica y directora del CPEIP; Joaqu\u00edn Walker, director ejecutivo de Elige Educar; Mar\u00eda Teresa Escoffier, directora de la Revista Educaci\u00f3n; Andrea Labra, coordinadora de Bibliotecas Escolares CRA; Rosa Miranda, profesora de Castellano y coordinadora de Formaci\u00f3n Inicial Docente del CPEIP; Mar\u00eda Paz Gana, profesora de educaci\u00f3n general b\u00e1sica y encargada del Plan de Lectura en CPEIP; y Juanita Medina, profesora de Lenguaje y encargada del \u00e1rea de Certificaci\u00f3n de Acciones Formativas del CPEIP.<\/p>\n\n\n\n<p><a href=\"https:\/\/docs.google.com\/forms\/d\/e\/1FAIpQLSfpPy61NcLBieBIuCVEAhRfPQcXj1-U5_y8TISeLD2qKGQ82g\/viewform\" target=\"_blank\" rel=\"noreferrer noopener\">Formulario de postulaci\u00f3n<\/a><\/p>\n\n\n\n<p><a href=\"https:\/\/www.cpeip.cl\/wp-content\/uploads\/2019\/09\/Bases-Concurso-Docente-Tu-Experiencia-Inspira.pdf\" target=\"_blank\" rel=\"noreferrer noopener\">Bases del concurso<\/a><\/p>\n","protected":false},"excerpt":{"rendered":"<p>El Centro de Perfeccionamiento, Experimentaci\u00f3n e Investigaciones Pedag\u00f3gicas (CPEIP) del Ministerio de Educaci\u00f3n invita a educadoras, educadores y docentes a participar del primer concurso nacional de relatos docentes de este&#8230; <a class=\"read-more\" href=\"https:\/\/www.radiopresidenteibanez.cl\/web\/cpeip-llama-a-la-comunidad-docente-a-participar-del-primer-concurso-de-relatos-tu-experiencia-inspira\/\">Leer m\u00e1s<\/a><\/p>\n","protected":false},"author":2,"featured_media":7603,"comment_status":"closed","ping_status":"closed","sticky":false,"template":"","format":"standard","meta":{"footnotes":""},"categories":[1],"tags":[],"class_list":["post-7602","post","type-post","status-publish","format-standard","has-post-thumbnail","hentry","category-cronica"],"_links":{"self":[{"href":"https:\/\/www.radiopresidenteibanez.cl\/web\/wp-json\/wp\/v2\/posts\/7602","targetHints":{"allow":["GET"]}}],"collection":[{"href":"https:\/\/www.radiopresidenteibanez.cl\/web\/wp-json\/wp\/v2\/posts"}],"about":[{"href":"https:\/\/www.radiopresidenteibanez.cl\/web\/wp-json\/wp\/v2\/types\/post"}],"author":[{"embeddable":true,"href":"https:\/\/www.radiopresidenteibanez.cl\/web\/wp-json\/wp\/v2\/users\/2"}],"replies":[{"embeddable":true,"href":"https:\/\/www.radiopresidenteibanez.cl\/web\/wp-json\/wp\/v2\/comments?post=7602"}],"version-history":[{"count":0,"href":"https:\/\/www.radiopresidenteibanez.cl\/web\/wp-json\/wp\/v2\/posts\/7602\/revisions"}],"wp:featuredmedia":[{"embeddable":true,"href":"https:\/\/www.radiopresidenteibanez.cl\/web\/wp-json\/wp\/v2\/media\/7603"}],"wp:attachment":[{"href":"https:\/\/www.radiopresidenteibanez.cl\/web\/wp-json\/wp\/v2\/media?parent=7602"}],"wp:term":[{"taxonomy":"category","embeddable":true,"href":"https:\/\/www.radiopresidenteibanez.cl\/web\/wp-json\/wp\/v2\/categories?post=7602"},{"taxonomy":"post_tag","embeddable":true,"href":"https:\/\/www.radiopresidenteibanez.cl\/web\/wp-json\/wp\/v2\/tags?post=7602"}],"curies":[{"name":"wp","href":"https:\/\/api.w.org\/{rel}","templated":true}]}}