{"id":7599,"date":"2019-10-14T13:45:45","date_gmt":"2019-10-14T13:45:45","guid":{"rendered":"http:\/\/www.radiopresidenteibanez.cl\/web\/?p=7599"},"modified":"2019-10-14T13:45:52","modified_gmt":"2019-10-14T13:45:52","slug":"magallanes-2020-por-ernesto-sepulveda","status":"publish","type":"post","link":"https:\/\/www.radiopresidenteibanez.cl\/web\/magallanes-2020-por-ernesto-sepulveda\/","title":{"rendered":"MAGALLANES 2020 por ERNESTO SEPULVEDA"},"content":{"rendered":"\n<p>Amigas y amigos.<\/p>\n\n\n\n<p>Se acerca a pasos agigantados la\nelecci\u00f3n de gobernadores regionales. Ser\u00e1 en octubre de 2020. Las autoridades\nde gobierno, central o regional, que quieran ser candidatos deber\u00e1n renunciar\ndurante este mes a sus cargos. A partir de este momento los partidos y\ncoaliciones pol\u00edticas, tratar\u00e1n de instalar a sus mejores nombres, pero ser\u00e1 la\nciudadan\u00eda quien va a decidir.<\/p>\n\n\n\n<p>Se contempla la realizaci\u00f3n en\njunio de 2020, de primarias, abiertas, legales, y vinculantes, para que los\npartidos integrantes de un pacto electoral, resuelvan mediante el voto popular,\nquien ser\u00e1 su representante en las elecciones de gobernador regional.<\/p>\n\n\n\n<p>Mucho se ha dicho respecto a las\nfacultades del gobernador regional. Que no son suficientes. Que entrar\u00e1 en\nconflicto con el \u00abdelegado presidencial\u00bb, funcionario designado por\nel ejecutivo para representarlo en la regi\u00f3n, y quien mantendr\u00eda la facultad de\nnombrar a los seremis y jefes de servicio.<\/p>\n\n\n\n<p>No cabe duda, que la dualidad en\nla \u00ab\u00a8primera autoridad regional\u00bb, ser\u00e1 fuente de controversias y\ndisputas. El centralismo se ha defendido, dilatando la discusi\u00f3n de materiales\nnecesarias y trascendentales para el desarrollo regional. Contar con una ley de\nrentas regionales es fundamental, si de veras creemos que las regiones pueden\ngobernarse a s\u00ed mismas. La administraci\u00f3n del territorio regional, tambi\u00e9n es\nuna reivindicaci\u00f3n de larga data. No se vislumbran razones, para que en pleno\nsiglo XXI el estado central, pretenda administrar desde una oficina en\nSantiago, extensos y distantes territorios. Una m\u00ednima racionalidad en el uso\nde los recursos p\u00fablicos, lleva a concluir que es m\u00e1s eficiente y eficaz la\nadministraci\u00f3n desde el propio territorio.<\/p>\n\n\n\n<p>La piedra angular del desarrollo\nla regi\u00f3n, est\u00e1 en su Estrategia de Desarrollo Regional. La actualmente vigente\nes para el per\u00edodo 2010-2020, por lo que nos encontramos ad portas de la\ndefinici\u00f3n de la estrategia que nos daremos para los pr\u00f3ximos 10 a\u00f1os.<\/p>\n\n\n\n<p>Todos los actores econ\u00f3micos y\nsociales, de los sectores productivos de la regi\u00f3n, deben iniciar la discusi\u00f3n de\nlos nuevos derroteros hacia los que queremos movernos. En este a\u00f1o que tenemos\nhasta la elecci\u00f3n del gobernador regional, debemos generar las instancias de\ntrabajo, para dotar de contenido a la nueva Estrategia de desarrollo. Desde ya\nser\u00e1 necesario potenciar el despliegue de la capacidad productiva regional,\napoyada por una maciza inversi\u00f3n p\u00fablica en infraestructura.<\/p>\n\n\n\n<p>Los proyectos de infraestructura\npara conectividad mar\u00edtima, a\u00e9rea, terrestre y digital, financiados por el Plan\nde zonas extremas, deber\u00e1n continuarse hasta su total ejecuci\u00f3n. Asimismo,\ndeber\u00e1 retomarse los proyectos abandonados durante la actual administraci\u00f3n,<\/p>\n\n\n\n<p>Los sectores productivos que\nconstituyen el eje del crecimiento regional en las \u00faltimas dos d\u00e9cadas, deben\npotenciarse, promoverse y estimularse, incorporando los criterios de sustentabilidad\nambiental, social, y econ\u00f3mica.&nbsp; Debemos asumir\ncon realismo los compromisos suscritos por Chile, en cuanto a la reducci\u00f3n de\nla dependencia de combustibles f\u00f3siles.<\/p>\n\n\n\n<p>Las enormes distancias que nos\nseparan de los principales mercados del mundo, no constituyen obst\u00e1culo, para\nel desarrollo de ciencia y tecnolog\u00eda. Magallanes cuenta con vastas fuentes de\nenerg\u00eda, un clima fr\u00edo propicio para el enfriamiento natural de los complejos\nelectr\u00f3nicos, de servidores y data centers. Y Gracias a la Fibra \u00d3ptica\nAustral, la s\u00faper carretera virtual. estaremos en condiciones de desarrollar\nfuertemente un \u00e1rea del todo nueva para la econom\u00eda regional.<\/p>\n\n\n\n<p>Tenemos desaf\u00edos gigantescos, y\ncomo regi\u00f3n estamos en condiciones inmejorables para alcanzar el desarrollo en\nla pr\u00f3xima d\u00e9cada. Necesitamos continuar construyendo juntos. La cohesi\u00f3n y la\npaz social, la convivencia pac\u00edfica, la tolerancia que se vive en Magallanes,\nson tesoros inapreciables. Es un capital que todos debemos cuidar. Somos tierra\nde inmigrantes, de trabajadores, de emprendedores. <\/p>\n\n\n\n<p>Soy Ernesto Sep\u00falveda y en este\nnuevo ciclo de cambios que estamos iniciando, les invito a retomar nuestros\nsue\u00f1os e ilusiones, a poblar de ideas y proyectos nuestras conversaciones\ncotidianas, y volcar esta energ\u00eda, esta materia prima, en los encuentros\nciudadanos o instancias de participaci\u00f3n que tengamos.<\/p>\n\n\n\n<p>Punta Arenas, lunes 14 de octubre\nde 2019<\/p>\n","protected":false},"excerpt":{"rendered":"<p>Amigas y amigos. Se acerca a pasos agigantados la elecci\u00f3n de gobernadores regionales. Ser\u00e1 en octubre de 2020. Las autoridades de gobierno, central o regional, que quieran ser candidatos deber\u00e1n&#8230; <a class=\"read-more\" href=\"https:\/\/www.radiopresidenteibanez.cl\/web\/magallanes-2020-por-ernesto-sepulveda\/\">Leer m\u00e1s<\/a><\/p>\n","protected":false},"author":2,"featured_media":2310,"comment_status":"closed","ping_status":"closed","sticky":false,"template":"","format":"standard","meta":{"footnotes":""},"categories":[1],"tags":[],"class_list":["post-7599","post","type-post","status-publish","format-standard","has-post-thumbnail","hentry","category-cronica"],"_links":{"self":[{"href":"https:\/\/www.radiopresidenteibanez.cl\/web\/wp-json\/wp\/v2\/posts\/7599","targetHints":{"allow":["GET"]}}],"collection":[{"href":"https:\/\/www.radiopresidenteibanez.cl\/web\/wp-json\/wp\/v2\/posts"}],"about":[{"href":"https:\/\/www.radiopresidenteibanez.cl\/web\/wp-json\/wp\/v2\/types\/post"}],"author":[{"embeddable":true,"href":"https:\/\/www.radiopresidenteibanez.cl\/web\/wp-json\/wp\/v2\/users\/2"}],"replies":[{"embeddable":true,"href":"https:\/\/www.radiopresidenteibanez.cl\/web\/wp-json\/wp\/v2\/comments?post=7599"}],"version-history":[{"count":0,"href":"https:\/\/www.radiopresidenteibanez.cl\/web\/wp-json\/wp\/v2\/posts\/7599\/revisions"}],"wp:featuredmedia":[{"embeddable":true,"href":"https:\/\/www.radiopresidenteibanez.cl\/web\/wp-json\/wp\/v2\/media\/2310"}],"wp:attachment":[{"href":"https:\/\/www.radiopresidenteibanez.cl\/web\/wp-json\/wp\/v2\/media?parent=7599"}],"wp:term":[{"taxonomy":"category","embeddable":true,"href":"https:\/\/www.radiopresidenteibanez.cl\/web\/wp-json\/wp\/v2\/categories?post=7599"},{"taxonomy":"post_tag","embeddable":true,"href":"https:\/\/www.radiopresidenteibanez.cl\/web\/wp-json\/wp\/v2\/tags?post=7599"}],"curies":[{"name":"wp","href":"https:\/\/api.w.org\/{rel}","templated":true}]}}