{"id":7595,"date":"2019-10-13T20:32:19","date_gmt":"2019-10-13T20:32:19","guid":{"rendered":"http:\/\/www.radiopresidenteibanez.cl\/web\/?p=7595"},"modified":"2019-10-13T20:32:25","modified_gmt":"2019-10-13T20:32:25","slug":"sernatur-magallanes-premia-ineditas-fotografias-de-la-region-en-concurso-this-is-patagonia","status":"publish","type":"post","link":"https:\/\/www.radiopresidenteibanez.cl\/web\/sernatur-magallanes-premia-ineditas-fotografias-de-la-region-en-concurso-this-is-patagonia\/","title":{"rendered":"SERNATUR MAGALLANES PREMIA IN\u00c9DITAS FOTOGRAF\u00cdAS DE LA REGI\u00d3N EN CONCURSO \u201cTHIS IS PATAGONIA\u201d"},"content":{"rendered":"\n<p>Sernatur Magallanes premi\u00f3 a las nueve categor\u00edas ganadoras\ndel concurso \u201cThis Is Patagonia 2019\u201d que invit\u00f3 a fot\u00f3grafos profesionales y\namateur a presentar sus trabajos, los que ser\u00e1n incorporados al cat\u00e1logo de\nim\u00e1genes de la instituci\u00f3n para promover nacional e internacionalmente los\npaisajes, cultura, naturaleza y a la gente de la regi\u00f3n.<\/p>\n\n\n\n<p>\u201cEsto es Patagonia, This Is Patagonia\u201d expres\u00f3 Ximena Castro,\nquien valor\u00f3 el trabajo de todos los concursantes. \u201cEstamos bien contentos\nporque vimos mucho entusiasmo, participaron m\u00e1s de 650 personas en un mes de\nconcurso. Eso significa que realmente la gente quiere participar con nuestros\natractivos. Las personas que participaron son embajadores nuestros, porque\ntodos ellos ya est\u00e1n publicando sus fotos en las redes sociales y eso se est\u00e1\nviralizando, llegando de esta manera a los potenciales visitantes\u201d.&nbsp; <\/p>\n\n\n\n<p>En la categor\u00eda mayor \u201cGrand Prix\u201d result\u00f3 ganadora Trisha\nHall, ciudadana estadounidense que vive hace 8 a\u00f1os en Puerto Natales. El momento\ncaptado en la Pen\u00ednsula Antonio Varas fue descrito de esta forma. \u201cMe gusta\nencontrar los momentos bonitos y fue as\u00ed como ocurri\u00f3 la foto. Est\u00e1bamos\nhaciendo un arreo de vacas y terminamos con el trabajo; as\u00ed subieron los perros\na la camioneta para irse a la casa y as\u00ed estaban esperando. Dije \u2018se ven muy\nlindos as\u00ed\u2019 y empec\u00e9 a sacar fotos y justo miraron al frente\u201d. <\/p>\n\n\n\n<p>La ganadora obtuvo un computador Mac Book Pro. El segundo\nlugar en la categor\u00eda mayor se lo adjudic\u00f3 Fede Maiz, quien recibi\u00f3 un tablet IPad\nPro 11 y, el tercer lugar lo alcanz\u00f3 Timothy Dhalleine, quien recibi\u00f3 por su\nfotograf\u00eda un tr\u00edpode fotogr\u00e1fico profesional.<\/p>\n\n\n\n<p>El jurado estuvo compuesto por los fot\u00f3grafos nacionales Pablo\nValenzuela y Rodrigo Moraga y el excursionista magall\u00e1nico Marcelo Noria.\nPrevio a la premiaci\u00f3n los integrantes del jurado brindaron charlas relativas a\nla tem\u00e1tica de la fotograf\u00eda y Patagonia. Marcelo Noria, gu\u00eda e instructor de\nmonta\u00f1ismo y educador ambiental, present\u00f3 una charla denominada \u201cTierra del\nFuego, un destino transformador\u201d. <\/p>\n\n\n\n<p>Pablo Valenzuela quien present\u00f3 su trabajo editorial\n\u201cGeometr\u00eda del instante\u201d en el que expone el paisaje chileno en blanco y negro,\nindic\u00f3 que el concurso es \u201cuna muy buena instancia porque da la posibilidad de\nponer en valor el patrimonio natural y cultural de Magallanes a trav\u00e9s de la\nfotograf\u00eda y permite que la gente cuando toma la fotograf\u00eda se conecte con el\nlugar\u201d, afirmando que \u201clas fotos se toman con los ojos y el coraz\u00f3n\u201d.<\/p>\n\n\n\n<p>Rodrigo Moraga, bi\u00f3logo marino, gu\u00eda y fot\u00f3grafo de vida silvestre\ntitul\u00f3 su charla \u201cModo puma\u201d relatando su trabajo por m\u00e1s de 20 a\u00f1os obturando a\neste felino de la Patagonia. Respecto a las fotos ganadoras y en especial la\nganadora del Grand Prix se\u00f1al\u00f3 estar muy sorprendido con el nivel de las fotos.\n\u201cYo me dejo llevar mucho por lo que siento cada vez que veo una foto. La foto\nganadora la encontr\u00e9 \u00fanica y distinta. Estos perritos que est\u00e1n asomados en una\ncamioneta la encontr\u00e9 genial\u201d.<\/p>\n\n\n\n<p><strong>Ganadores del Concurso Fotogr\u00e1fico<\/strong><\/p>\n\n\n\n<p>En el concurso de fotograf\u00eda This Is Patagonia en la\ncategor\u00eda \u201cCultura patag\u00f3nica\u201d la ganadora fue Elena Bam; en \u201cPatagonia wild\u201d\nse adjudic\u00f3 el primer lugar \u00c1lvaro Soto; en \u201cPostal patagona\u201d se llev\u00f3 el\npremio Mauricio Vargas; mientras que en la categor\u00eda \u201cCaras de la Patagonia\u201d\nobtuvo el primer lugar Gabriel Miller y \u201cEn ojo de albatros\u201d (fotograf\u00edas a\u00e9rea\ndesde un dron) se alz\u00f3 con el primer lugar Eduardo Minte; en tanto la categor\u00eda\n\u201cChulengo\u201d el primer lugar lo obtuvo Constanza de la Fuente. Todo ellos recibieron\ncomo premio una c\u00e1mara Go Pro Black Hero 7.<\/p>\n\n\n\n<p>En la\ncategor\u00eda \u201cInstagonia\u201d se qued\u00f3 con el premio Camilo Pi\u00f1a, quien recibi\u00f3 un\nestabilizador de imagen para dispositivos m\u00f3viles. Finalmente, el \u201cPremio del\np\u00fablico\u201d lo obtuvo Jorge Vidal recibiendo un estabilizador gimbal para c\u00e1maras\nr\u00e9flex como reconocimiento a la popularidad de su trabajo.<\/p>\n","protected":false},"excerpt":{"rendered":"<p>Sernatur Magallanes premi\u00f3 a las nueve categor\u00edas ganadoras del concurso \u201cThis Is Patagonia 2019\u201d que invit\u00f3 a fot\u00f3grafos profesionales y amateur a presentar sus trabajos, los que ser\u00e1n incorporados al&#8230; <a class=\"read-more\" href=\"https:\/\/www.radiopresidenteibanez.cl\/web\/sernatur-magallanes-premia-ineditas-fotografias-de-la-region-en-concurso-this-is-patagonia\/\">Leer m\u00e1s<\/a><\/p>\n","protected":false},"author":2,"featured_media":7596,"comment_status":"closed","ping_status":"closed","sticky":false,"template":"","format":"standard","meta":{"footnotes":""},"categories":[1],"tags":[],"class_list":["post-7595","post","type-post","status-publish","format-standard","has-post-thumbnail","hentry","category-cronica"],"_links":{"self":[{"href":"https:\/\/www.radiopresidenteibanez.cl\/web\/wp-json\/wp\/v2\/posts\/7595","targetHints":{"allow":["GET"]}}],"collection":[{"href":"https:\/\/www.radiopresidenteibanez.cl\/web\/wp-json\/wp\/v2\/posts"}],"about":[{"href":"https:\/\/www.radiopresidenteibanez.cl\/web\/wp-json\/wp\/v2\/types\/post"}],"author":[{"embeddable":true,"href":"https:\/\/www.radiopresidenteibanez.cl\/web\/wp-json\/wp\/v2\/users\/2"}],"replies":[{"embeddable":true,"href":"https:\/\/www.radiopresidenteibanez.cl\/web\/wp-json\/wp\/v2\/comments?post=7595"}],"version-history":[{"count":0,"href":"https:\/\/www.radiopresidenteibanez.cl\/web\/wp-json\/wp\/v2\/posts\/7595\/revisions"}],"wp:featuredmedia":[{"embeddable":true,"href":"https:\/\/www.radiopresidenteibanez.cl\/web\/wp-json\/wp\/v2\/media\/7596"}],"wp:attachment":[{"href":"https:\/\/www.radiopresidenteibanez.cl\/web\/wp-json\/wp\/v2\/media?parent=7595"}],"wp:term":[{"taxonomy":"category","embeddable":true,"href":"https:\/\/www.radiopresidenteibanez.cl\/web\/wp-json\/wp\/v2\/categories?post=7595"},{"taxonomy":"post_tag","embeddable":true,"href":"https:\/\/www.radiopresidenteibanez.cl\/web\/wp-json\/wp\/v2\/tags?post=7595"}],"curies":[{"name":"wp","href":"https:\/\/api.w.org\/{rel}","templated":true}]}}