{"id":7592,"date":"2019-10-13T20:26:49","date_gmt":"2019-10-13T20:26:49","guid":{"rendered":"http:\/\/www.radiopresidenteibanez.cl\/web\/?p=7592"},"modified":"2019-10-13T20:26:54","modified_gmt":"2019-10-13T20:26:54","slug":"el-equipo-de-varones-del-judo-se-quedo-con-el-segundo-lugar-en-los-juegos-deportivos-escolares","status":"publish","type":"post","link":"https:\/\/www.radiopresidenteibanez.cl\/web\/el-equipo-de-varones-del-judo-se-quedo-con-el-segundo-lugar-en-los-juegos-deportivos-escolares\/","title":{"rendered":"EL EQUIPO DE VARONES DEL JUDO SE QUED\u00d3 CON EL SEGUNDO LUGAR EN LOS JUEGOS DEPORTIVOS ESCOLARES"},"content":{"rendered":"\n<p>El judo sigue dando buenos resultados para la regi\u00f3n de Magallanes y ahora\nfue la delegaci\u00f3n que viaj\u00f3 a los Juegos Deportivos Escolares la que se encarg\u00f3\nde celebrar en Santiago, luego que el equipo de varones obtuviera el segundo\nlugar en la clasificaci\u00f3n general. <\/p>\n\n\n\n<p>Los judocas magall\u00e1nicos, entrenados por Adriana Chiguay, pudieron subirse\nal podio gracias a los oros obtenidos por Francisco Ch\u00e1vez en la categor\u00eda -44\nkilos y Marco Cort\u00e9s en -58 kilos, adem\u00e1s del bronce de Guillermo P\u00e9rez en -53\nkilos. <\/p>\n\n\n\n<p>Con estos resultados, Magallanes qued\u00f3 segundo en la clasificaci\u00f3n general\npor equipos en varones, siendo superado por la regi\u00f3n de Tarapac\u00e1. El tercer\nlugar, en tanto, lo obtuvo la regi\u00f3n de Arica y Parinacota. <\/p>\n\n\n\n<p>\u201cLos judocas que obtuvieron medallas fueron los deportistas que se destacaron\na nivel nacional durante el a\u00f1o y los resultados eran los esperados. Guillermo\nP\u00e9rez cometi\u00f3 una falta que le cost\u00f3 el combate para ir a la final, por lo que\ntuvo que pelear el bronce. Si hubiese pasado al combate final podr\u00edamos haber\nquedado primeros\u201d, dijo una de las entrenadoras de la delegaci\u00f3n, Sandra\nMoreno. <\/p>\n\n\n\n<p>El equipo de damas, en tanto, festej\u00f3 gracias a la medalla de plata de\nJaviera Quezada en la categor\u00eda -64 kilos, la que, adem\u00e1s, permiti\u00f3 que\nMagallanes se ubique en el tercer lugar de la clasificaci\u00f3n general del judo de\nlos Juegos Deportivos Escolares. <\/p>\n\n\n\n<p>\u201cEste a\u00f1o ha sido muy potente para el judo magall\u00e1nico y estos resultados\nen la final de los Juegos Deportivos Escolares as\u00ed lo ratifican. En los Juegos\nNacionales ya hab\u00edamos celebrado con el primer lugar en la general, luego\nvivimos un Nacional en el Gimnasio Fiscal, y ahora tenemos estos resultados, lo\nque demuestra el buen trabajo que se est\u00e1 realizando en judo a nivel regional y\nque, por lo mismo, se transform\u00f3 en un deporte priorizado\u201d, dijo la Seremi del\nDeporte, Odette Callahan. <\/p>\n\n\n\n<p>\u201cFelicitamos, adem\u00e1s, a las t\u00e9cnicos Adriana Chiguay y Sandra Moreno,\nadem\u00e1s del delegado Juan San Mart\u00edn, quienes est\u00e1n realizando un tremendo\ntrabajo con el judo en la regi\u00f3n de Magallanes y su tremendo compromiso se ve\nreflejado con grandes resultados\u201d, concluy\u00f3. <\/p>\n","protected":false},"excerpt":{"rendered":"<p>El judo sigue dando buenos resultados para la regi\u00f3n de Magallanes y ahora fue la delegaci\u00f3n que viaj\u00f3 a los Juegos Deportivos Escolares la que se encarg\u00f3 de celebrar en&#8230; <a class=\"read-more\" href=\"https:\/\/www.radiopresidenteibanez.cl\/web\/el-equipo-de-varones-del-judo-se-quedo-con-el-segundo-lugar-en-los-juegos-deportivos-escolares\/\">Leer m\u00e1s<\/a><\/p>\n","protected":false},"author":2,"featured_media":7593,"comment_status":"closed","ping_status":"closed","sticky":false,"template":"","format":"standard","meta":{"footnotes":""},"categories":[3],"tags":[],"class_list":["post-7592","post","type-post","status-publish","format-standard","has-post-thumbnail","hentry","category-deportes"],"_links":{"self":[{"href":"https:\/\/www.radiopresidenteibanez.cl\/web\/wp-json\/wp\/v2\/posts\/7592","targetHints":{"allow":["GET"]}}],"collection":[{"href":"https:\/\/www.radiopresidenteibanez.cl\/web\/wp-json\/wp\/v2\/posts"}],"about":[{"href":"https:\/\/www.radiopresidenteibanez.cl\/web\/wp-json\/wp\/v2\/types\/post"}],"author":[{"embeddable":true,"href":"https:\/\/www.radiopresidenteibanez.cl\/web\/wp-json\/wp\/v2\/users\/2"}],"replies":[{"embeddable":true,"href":"https:\/\/www.radiopresidenteibanez.cl\/web\/wp-json\/wp\/v2\/comments?post=7592"}],"version-history":[{"count":0,"href":"https:\/\/www.radiopresidenteibanez.cl\/web\/wp-json\/wp\/v2\/posts\/7592\/revisions"}],"wp:featuredmedia":[{"embeddable":true,"href":"https:\/\/www.radiopresidenteibanez.cl\/web\/wp-json\/wp\/v2\/media\/7593"}],"wp:attachment":[{"href":"https:\/\/www.radiopresidenteibanez.cl\/web\/wp-json\/wp\/v2\/media?parent=7592"}],"wp:term":[{"taxonomy":"category","embeddable":true,"href":"https:\/\/www.radiopresidenteibanez.cl\/web\/wp-json\/wp\/v2\/categories?post=7592"},{"taxonomy":"post_tag","embeddable":true,"href":"https:\/\/www.radiopresidenteibanez.cl\/web\/wp-json\/wp\/v2\/tags?post=7592"}],"curies":[{"name":"wp","href":"https:\/\/api.w.org\/{rel}","templated":true}]}}