{"id":7589,"date":"2019-10-13T20:25:03","date_gmt":"2019-10-13T20:25:03","guid":{"rendered":"http:\/\/www.radiopresidenteibanez.cl\/web\/?p=7589"},"modified":"2019-10-13T20:25:09","modified_gmt":"2019-10-13T20:25:09","slug":"personas-mayores-de-punta-arenas-participaron-de-una-nueva-version-de-la-expo-adulto-mejor","status":"publish","type":"post","link":"https:\/\/www.radiopresidenteibanez.cl\/web\/personas-mayores-de-punta-arenas-participaron-de-una-nueva-version-de-la-expo-adulto-mejor\/","title":{"rendered":"PERSONAS MAYORES DE PUNTA ARENAS PARTICIPARON DE UNA NUEVA VERSI\u00d3N DE LA EXPO ADULTO MEJOR"},"content":{"rendered":"\n<p>Con una variada oferta de\nservicios destinados especialmente para los mayores de 60 a\u00f1os se realiz\u00f3 la\nsegunda versi\u00f3n de la Expo Adulto Mejor del Servicio Nacional del Adulto Mayor.\nEste a\u00f1o la actividad se efectu\u00f3 en alianza con el Centro Diurno Referencial\noperado por la Universidad de Magallanes, y cont\u00f3 entre las novedades con un\ntaller de cocina saludable. <\/p>\n\n\n\n<p>La iniciativa buscaba promover el\nenvejecimiento positivo y activo, descartando los mitos que muchas veces se\ntienen en torno a la vejez, de esta manera contribuir a un cambio de mirada\nrespecto de los mayores, resaltando el aporte que realiza este segmento de la\npoblaci\u00f3n en diversos \u00e1mbitos de la sociedad.<\/p>\n\n\n\n<p>Durante la jornada el Intendente\n(s) Eduardo Schiappacasse destac\u00f3 el rol de las personas mayores en la sociedad\nse\u00f1alando que \u201cCuando miramos a los adulto mejores, en realidad, son parte de\nla sociedad que muchas veces terminan siendo invisibles, y no siendo totalmente\nintegrados a la sociedad. Yo creo que ah\u00ed hay una oportunidad. Claramente la\nprimera dama ha impulsado la integraci\u00f3n de los adultos mejores y creo que ah\u00ed\nhay una tremenda oportunidad. Porque la experiencia de ellos nos puede ayudar\nmuch\u00edsimo. Claramente cuando uno quiere sacar un producto de mejor calidad lo\nque requiere es distintas miradas, lo mismo que cuando como sociedad queremos\navanzar necesitamos los distintos aportes. Los adultos mayores tuvieron una\nexperiencia distinta a la que estamos viviendo hoy d\u00eda, y esa experiencia\ndistinta es un tremendo aporte, y puede ser la soluci\u00f3n a muchos de los\nproblemas que estamos viviendo hoy\u201d.<\/p>\n\n\n\n<p>En tanto la Seremi de Desarrollo\nSocial y Familia, Liz Casanueva Mendez manifest\u00f3 que el Misterio de Desarrollo\nSocial y Familia junto a los servicio relacionados se encuentran enfocados al\ntrabajo con las personas mayores \u201cNo solamente durante el mes, sino que tenemos\nuna agenda de 365 d\u00edas, en donde estamos generando d\u00eda a d\u00eda, no solo\nactividades a trav\u00e9s de los programas. El d\u00eda de hoy estamos en esta feria del\nAdulto Mejor en donde varios servicios les est\u00e1n entregando a los adultos\nmayores informaci\u00f3n, que pueda mejorar su calidad de vida, por ejemplo a trav\u00e9s\nde programas a los cuales est\u00e9n postulando o puedan ser beneficiarios\u201d.<\/p>\n\n\n\n<p>Con respecto a la Expo Adulto\nMejor, la Coordinadora Regional de Senama Rebeca Aguilante expres\u00f3 su\nagradecimiento a la labor realizada y a la respuesta de los adultos mayores\nfrente a esta iniciativa inspirada en el trabajo que efect\u00faa la Primera Dama\nCecilia Morel \u201cQuiero agradecer a todos los servicios p\u00fablicos, al Centro\nDiurno, al equipo de Senama y a todas las autoridades que estuvieron presente.\nLa verdad fue muy entretenida esta tarde muchos bailaron, disfrutaron. Los\nadultos mayores pudieron obtener mucha informaci\u00f3n acerca de las ofertas\nprogram\u00e1ticas que tenemos como gobierno que va en beneficio directo de este\ngrupo etario\u201d.<\/p>\n\n\n\n<p>Una de las adultas mayores\nasistentes a la feria de servicios fue la se\u00f1ora In\u00e9s Vidal, quien se manifest\u00f3\nmuy agradecida \u201cmuy bonita, muy fant\u00e1stica, estuvo todo muy bueno. Harta\ncompa\u00f1\u00eda, harta gente, lo pasamos bien, nos regalaron de todo para el recuerdo\u201d.<\/p>\n\n\n\n<p>Entre los servicios estuvieron\npresentes la Seremi de Bienes Nacionales, Carabineros de Chile, Conadi, CONAF,\nSeremi de Desarrollo Social y Familia, la Municipalidad de Punta Arenas, FOSIS,\nFONASA, Instituto del Deporte, IPS, PDI, Senadis, Seremi de Salud, SENCE,\nSERNAC, Sernatur, Registro Civil y la Seremi de las Culturas, las Artes y el\nPatrimonio.<\/p>\n\n\n\n<p>Durante el mes de octubre el\nServicio Nacional del Adulto Mayor continuar\u00e1 realizando actividades con el fin\nde reconocer el aporte que hace este segmento de la poblaci\u00f3n a la sociedad y\ndescartar los estereotipos negativos que existen en torno a las personas\nmayores.<\/p>\n\n\n\n<p>Actualmente, los mayores de 60\na\u00f1os en Chile representan el 16,2% de la poblaci\u00f3n seg\u00fan el Censo 2017, es\ndecir, cerca de 3 millones de habitantes. Por lo mismo, SENAMA desarrollar\u00e1 una\nserie de acciones durante octubre, <strong>\u201cMes\ndel Adulto Mejor\u201d<\/strong> para impulsar un envejecimiento positivo y activo a lo\nlargo del pa\u00eds. <\/p>\n","protected":false},"excerpt":{"rendered":"<p>Con una variada oferta de servicios destinados especialmente para los mayores de 60 a\u00f1os se realiz\u00f3 la segunda versi\u00f3n de la Expo Adulto Mejor del Servicio Nacional del Adulto Mayor&#8230;. <a class=\"read-more\" href=\"https:\/\/www.radiopresidenteibanez.cl\/web\/personas-mayores-de-punta-arenas-participaron-de-una-nueva-version-de-la-expo-adulto-mejor\/\">Leer m\u00e1s<\/a><\/p>\n","protected":false},"author":2,"featured_media":7590,"comment_status":"closed","ping_status":"closed","sticky":false,"template":"","format":"standard","meta":{"footnotes":""},"categories":[1],"tags":[],"class_list":["post-7589","post","type-post","status-publish","format-standard","has-post-thumbnail","hentry","category-cronica"],"_links":{"self":[{"href":"https:\/\/www.radiopresidenteibanez.cl\/web\/wp-json\/wp\/v2\/posts\/7589","targetHints":{"allow":["GET"]}}],"collection":[{"href":"https:\/\/www.radiopresidenteibanez.cl\/web\/wp-json\/wp\/v2\/posts"}],"about":[{"href":"https:\/\/www.radiopresidenteibanez.cl\/web\/wp-json\/wp\/v2\/types\/post"}],"author":[{"embeddable":true,"href":"https:\/\/www.radiopresidenteibanez.cl\/web\/wp-json\/wp\/v2\/users\/2"}],"replies":[{"embeddable":true,"href":"https:\/\/www.radiopresidenteibanez.cl\/web\/wp-json\/wp\/v2\/comments?post=7589"}],"version-history":[{"count":0,"href":"https:\/\/www.radiopresidenteibanez.cl\/web\/wp-json\/wp\/v2\/posts\/7589\/revisions"}],"wp:featuredmedia":[{"embeddable":true,"href":"https:\/\/www.radiopresidenteibanez.cl\/web\/wp-json\/wp\/v2\/media\/7590"}],"wp:attachment":[{"href":"https:\/\/www.radiopresidenteibanez.cl\/web\/wp-json\/wp\/v2\/media?parent=7589"}],"wp:term":[{"taxonomy":"category","embeddable":true,"href":"https:\/\/www.radiopresidenteibanez.cl\/web\/wp-json\/wp\/v2\/categories?post=7589"},{"taxonomy":"post_tag","embeddable":true,"href":"https:\/\/www.radiopresidenteibanez.cl\/web\/wp-json\/wp\/v2\/tags?post=7589"}],"curies":[{"name":"wp","href":"https:\/\/api.w.org\/{rel}","templated":true}]}}