{"id":7586,"date":"2019-10-13T20:20:57","date_gmt":"2019-10-13T20:20:57","guid":{"rendered":"http:\/\/www.radiopresidenteibanez.cl\/web\/?p=7586"},"modified":"2019-10-13T20:21:03","modified_gmt":"2019-10-13T20:21:03","slug":"fiscalizan-a-mas-de-80-extranjeros-en-magallanes","status":"publish","type":"post","link":"https:\/\/www.radiopresidenteibanez.cl\/web\/fiscalizan-a-mas-de-80-extranjeros-en-magallanes\/","title":{"rendered":"FISCALIZAN A M\u00c1S DE 80 EXTRANJEROS EN MAGALLANES"},"content":{"rendered":"\n<p>Durante la\nmadrugada de este viernes, detectives de Migraciones y Polic\u00eda Internacional en\nconjunto con la Gobernaci\u00f3n Provincial de Magallanes, realizaron una\nfiscalizaci\u00f3n a extranjeros en locales nocturnos de Punta Arenas y Puerto\nNatales.<\/p>\n\n\n\n<p>En el\noperativo desarrollado como parte de un plan nacional, particip\u00f3 el Gobernador Provincial\nde Magallanes, Homero Villegas, la jefa de la Prefectura Provincial Magallanes,\nprefecto Claudia Dom\u00ednguez, la encargada del departamento de Extranjer\u00eda de la\nGobernaci\u00f3n Provincial de Magallanes, Claudia Stappung, y el jefe del\ndepartamento de Migraciones y Polic\u00eda Internacional, subprefecto Danilo\nArmijo.&nbsp;&nbsp; <\/p>\n\n\n\n<p>Desde la\nPDI explicaron que estas fiscalizaciones buscan verificar la condici\u00f3n\nmigratoria de los extranjeros. En el caso de los turistas, comprobar, por\nejemplo, que su permanencia en el pa\u00eds est\u00e9 dentro de los plazos otorgados y en\nlos residentes, que su visa o permiso de residencia est\u00e9 vigente.<\/p>\n\n\n\n<p>Del total\nde 84 extranjeros fiscalizados en la regi\u00f3n, 4 mujeres fueron detectadas\ninfringiendo la Ley de Extranjer\u00eda, por lo que fueron denunciadas a las\ngobernaciones correspondientes, adem\u00e1s de un empleador de nacionalidad chilena.<\/p>\n\n\n\n<p>\u201cLas\ninfracciones a la Ley de Extranjer\u00eda m\u00e1s frecuentes en esta regi\u00f3n son no\ninformar su cambio de domicilio dentro de los 30 d\u00edas de realizado y para los\nturistas, estar trabajando sin autorizaci\u00f3n de la autoridad administrativa\u201d,\nexplic\u00f3 el subprefecto Danilo Armijo. <\/p>\n","protected":false},"excerpt":{"rendered":"<p>Durante la madrugada de este viernes, detectives de Migraciones y Polic\u00eda Internacional en conjunto con la Gobernaci\u00f3n Provincial de Magallanes, realizaron una fiscalizaci\u00f3n a extranjeros en locales nocturnos de Punta&#8230; <a class=\"read-more\" href=\"https:\/\/www.radiopresidenteibanez.cl\/web\/fiscalizan-a-mas-de-80-extranjeros-en-magallanes\/\">Leer m\u00e1s<\/a><\/p>\n","protected":false},"author":2,"featured_media":7587,"comment_status":"closed","ping_status":"closed","sticky":false,"template":"","format":"standard","meta":{"footnotes":""},"categories":[1],"tags":[],"class_list":["post-7586","post","type-post","status-publish","format-standard","has-post-thumbnail","hentry","category-cronica"],"_links":{"self":[{"href":"https:\/\/www.radiopresidenteibanez.cl\/web\/wp-json\/wp\/v2\/posts\/7586","targetHints":{"allow":["GET"]}}],"collection":[{"href":"https:\/\/www.radiopresidenteibanez.cl\/web\/wp-json\/wp\/v2\/posts"}],"about":[{"href":"https:\/\/www.radiopresidenteibanez.cl\/web\/wp-json\/wp\/v2\/types\/post"}],"author":[{"embeddable":true,"href":"https:\/\/www.radiopresidenteibanez.cl\/web\/wp-json\/wp\/v2\/users\/2"}],"replies":[{"embeddable":true,"href":"https:\/\/www.radiopresidenteibanez.cl\/web\/wp-json\/wp\/v2\/comments?post=7586"}],"version-history":[{"count":0,"href":"https:\/\/www.radiopresidenteibanez.cl\/web\/wp-json\/wp\/v2\/posts\/7586\/revisions"}],"wp:featuredmedia":[{"embeddable":true,"href":"https:\/\/www.radiopresidenteibanez.cl\/web\/wp-json\/wp\/v2\/media\/7587"}],"wp:attachment":[{"href":"https:\/\/www.radiopresidenteibanez.cl\/web\/wp-json\/wp\/v2\/media?parent=7586"}],"wp:term":[{"taxonomy":"category","embeddable":true,"href":"https:\/\/www.radiopresidenteibanez.cl\/web\/wp-json\/wp\/v2\/categories?post=7586"},{"taxonomy":"post_tag","embeddable":true,"href":"https:\/\/www.radiopresidenteibanez.cl\/web\/wp-json\/wp\/v2\/tags?post=7586"}],"curies":[{"name":"wp","href":"https:\/\/api.w.org\/{rel}","templated":true}]}}