{"id":7583,"date":"2019-10-13T20:16:58","date_gmt":"2019-10-13T20:16:58","guid":{"rendered":"http:\/\/www.radiopresidenteibanez.cl\/web\/?p=7583"},"modified":"2019-10-13T20:17:04","modified_gmt":"2019-10-13T20:17:04","slug":"proyecto-municipal-para-mejoramiento-y-restauracion-de-la-plaza-de-armas-ya-cuenta-con-recomendacion-tecnica-del-gobierno","status":"publish","type":"post","link":"https:\/\/www.radiopresidenteibanez.cl\/web\/proyecto-municipal-para-mejoramiento-y-restauracion-de-la-plaza-de-armas-ya-cuenta-con-recomendacion-tecnica-del-gobierno\/","title":{"rendered":"PROYECTO MUNICIPAL PARA MEJORAMIENTO Y RESTAURACI\u00d3N DE LA PLAZA DE ARMAS YA CUENTA CON RECOMENDACI\u00d3N T\u00c9CNICA DEL GOBIERNO"},"content":{"rendered":"\n<p>Luego de las reconsideraciones y algunos cambios en el proyecto original, el pasado 24 de septiembre fue informada la Recomendaci\u00f3n T\u00e9cnica por parte del Ministerio de Desarrollo Social, para llevar adelante la iniciativa impulsada por el Municipio de Punta Arenas, que busca concretar el mejoramiento y conservaci\u00f3n de la Plaza de Armas Benjam\u00edn Mu\u00f1oz Gamero de nuestra ciudad.<\/p>\n\n\n\n<p>El proyecto considera una mejora sustantiva respecto a su actual condici\u00f3n, favoreciendo su uso para la comunidad y visitantes, procurando una especial atenci\u00f3n en una mejor accesibilidad universal.<\/p>\n\n\n\n<p>\u201cHemos considerado importante incorporar accesibilidad universal, para el mejoramiento de la Plaza de Armas\u201d, explic\u00f3 \u00c1lvaro Guzm\u00e1n, director de la Secretar\u00eda de Planificaci\u00f3n de la Municipalidad.<\/p>\n\n\n\n<p>Adem\u00e1s, Guzm\u00e1n detall\u00f3 que dentro de las mejoras m\u00e1s relevantes est\u00e1n la recuperaci\u00f3n del Monumento a Hernando de Magallanes en su base y escalinatas; las \u00e1reas de tr\u00e1nsito, mejorando la condici\u00f3n actual del hormig\u00f3n estampado; la recuperaci\u00f3n del mobiliario (bancas y basureros); la restauraci\u00f3n del \u00e1rea de Izamiento del pabell\u00f3n nacional; mejora integral del sistema de iluminaci\u00f3n de la Plaza; recuperaci\u00f3n y mejora de la pileta, recuperaci\u00f3n y hermoseamiento de todas las jardineras, entre otras consideraciones.<\/p>\n\n\n\n<p>En ese sentido el alcalde Claudio Radonich dijo que \u201cla incorporaci\u00f3n de las nuevas condiciones significa una inversi\u00f3n total de 941 millones de pesos, por lo que confiamos y esperamos que en el corto plazo, el Consejo Regional pueda aprobar la reconsideraci\u00f3n de esta iniciativa, para licitar lo m\u00e1s pronto posible y as\u00ed ejecutar cuanto antes las obras de mejoramiento de uno de los iconos de la ciudad de Punta Arenas, y s\u00edmbolo de las conmemoraciones de los 500 a\u00f1os del Estrecho de Magallanes\u201d.<\/p>\n","protected":false},"excerpt":{"rendered":"<p>Luego de las reconsideraciones y algunos cambios en el proyecto original, el pasado 24 de septiembre fue informada la Recomendaci\u00f3n T\u00e9cnica por parte del Ministerio de Desarrollo Social, para llevar&#8230; <a class=\"read-more\" href=\"https:\/\/www.radiopresidenteibanez.cl\/web\/proyecto-municipal-para-mejoramiento-y-restauracion-de-la-plaza-de-armas-ya-cuenta-con-recomendacion-tecnica-del-gobierno\/\">Leer m\u00e1s<\/a><\/p>\n","protected":false},"author":2,"featured_media":7584,"comment_status":"closed","ping_status":"closed","sticky":false,"template":"","format":"standard","meta":{"footnotes":""},"categories":[1],"tags":[],"class_list":["post-7583","post","type-post","status-publish","format-standard","has-post-thumbnail","hentry","category-cronica"],"_links":{"self":[{"href":"https:\/\/www.radiopresidenteibanez.cl\/web\/wp-json\/wp\/v2\/posts\/7583","targetHints":{"allow":["GET"]}}],"collection":[{"href":"https:\/\/www.radiopresidenteibanez.cl\/web\/wp-json\/wp\/v2\/posts"}],"about":[{"href":"https:\/\/www.radiopresidenteibanez.cl\/web\/wp-json\/wp\/v2\/types\/post"}],"author":[{"embeddable":true,"href":"https:\/\/www.radiopresidenteibanez.cl\/web\/wp-json\/wp\/v2\/users\/2"}],"replies":[{"embeddable":true,"href":"https:\/\/www.radiopresidenteibanez.cl\/web\/wp-json\/wp\/v2\/comments?post=7583"}],"version-history":[{"count":0,"href":"https:\/\/www.radiopresidenteibanez.cl\/web\/wp-json\/wp\/v2\/posts\/7583\/revisions"}],"wp:featuredmedia":[{"embeddable":true,"href":"https:\/\/www.radiopresidenteibanez.cl\/web\/wp-json\/wp\/v2\/media\/7584"}],"wp:attachment":[{"href":"https:\/\/www.radiopresidenteibanez.cl\/web\/wp-json\/wp\/v2\/media?parent=7583"}],"wp:term":[{"taxonomy":"category","embeddable":true,"href":"https:\/\/www.radiopresidenteibanez.cl\/web\/wp-json\/wp\/v2\/categories?post=7583"},{"taxonomy":"post_tag","embeddable":true,"href":"https:\/\/www.radiopresidenteibanez.cl\/web\/wp-json\/wp\/v2\/tags?post=7583"}],"curies":[{"name":"wp","href":"https:\/\/api.w.org\/{rel}","templated":true}]}}