{"id":7579,"date":"2019-10-12T16:45:22","date_gmt":"2019-10-12T16:45:22","guid":{"rendered":"http:\/\/www.radiopresidenteibanez.cl\/web\/?p=7579"},"modified":"2019-10-12T16:45:28","modified_gmt":"2019-10-12T16:45:28","slug":"autoridades-regionales-explican-ventajas-del-proyecto-de-gobierno-que-flexibiliza-la-jornada-laboral","status":"publish","type":"post","link":"https:\/\/www.radiopresidenteibanez.cl\/web\/autoridades-regionales-explican-ventajas-del-proyecto-de-gobierno-que-flexibiliza-la-jornada-laboral\/","title":{"rendered":"AUTORIDADES REGIONALES EXPLICAN VENTAJAS DEL PROYECTO DE GOBIERNO QUE FLEXIBILIZA LA JORNADA LABORAL"},"content":{"rendered":"\n<p>La seremi\ndel Trabajo y Previsi\u00f3n Social, Victoria Cort\u00e9s Schiattino&nbsp; acompa\u00f1ada por su par de Gobierno, Alejandra\nMu\u00f1oz, dio a conocer algunos detalles relevantes del llamado proyecto de\nModernizaci\u00f3n Laboral, presentado por el Ejecutivo y que propone, entre otros\naspectos importantes, reducir la jornada laboral semanal de las 45 horas\nactuales a 41 horas, incluyendo aspectos de flexibilidad y gradualidad,\nproyectando la creaci\u00f3n futura de cerca de 300 mil nuevos empleos.<\/p>\n\n\n\n<p>Cort\u00e9s\nexpuso las ventajas que tiene la iniciativa gubernamental frente al proyecto\npresentado por la diputada del Partido Comunista, Camila Vallejo, que busca una\nreducci\u00f3n a 40 horas semanales de trabajo, excluyendo el t\u00f3pico de gradualidad\ny flexibilidad.<\/p>\n\n\n\n<p>La\nautoridad laboral fue categ\u00f3rica al se\u00f1alar que \u201ccomo gobierno, consideramos\nque este proyecto de ley que contempla la reducci\u00f3n de la jornada de trabajo a\n40 horas semanales, adem\u00e1s de ser inconstitucional, toda vez que contempla la\ndisposici\u00f3n de aumentar el gasto p\u00fablico, es poco serio y podr\u00eda implicar un\nriesgo para el pa\u00eds, al no contar con los estudios que respalden la factibilidad\nde implementar una reducci\u00f3n de la jornada de 45 a 40 horas semanales sin\nafectar los salarios y el n\u00famero de empleos\u201d.<\/p>\n\n\n\n<p>Refrendando\nestas palabras la vocera del Gobierno Regional, Alejandra&nbsp; Mu\u00f1oz, declar\u00f3 que \u201cpara nosotros como\ngobierno es fundamental que las propuestas sean responsables, porque en un\ncontexto de econom\u00eda global en permanente cambio, la adecuada gradualidad en\nlos procesos de implementaci\u00f3n y la debida consideraci\u00f3n de la productividad es\nprimordial para evitar que estas propuestas, por buenas intenciones que tengan,\nterminen afectando el salario, el empleo y la calidad de vida de los\ntrabajadores y trabajadoras\u201d.<\/p>\n\n\n\n<p>Sobre\nlas ventajas puntuales de la propuesta oficialista, Cort\u00e9s recalc\u00f3 que \u201cesta\nbusca compatibilizar la vida laboral con la personal, abriendo mayores espacios\na la recreaci\u00f3n y al tiempo con la familia, se\u00f1alando que, si bien tambi\u00e9n\nconlleva una reducci\u00f3n de la jornada de trabajo, hasta un l\u00edmite de 41 horas,\nno afectar\u00e1 los salarios ni la cantidad de empleos, por cuanto implica una\ngradualidad en su implementaci\u00f3n y una coordinaci\u00f3n permanente con el empleador\u201d.<\/p>\n","protected":false},"excerpt":{"rendered":"<p>La seremi del Trabajo y Previsi\u00f3n Social, Victoria Cort\u00e9s Schiattino&nbsp; acompa\u00f1ada por su par de Gobierno, Alejandra Mu\u00f1oz, dio a conocer algunos detalles relevantes del llamado proyecto de Modernizaci\u00f3n Laboral,&#8230; <a class=\"read-more\" href=\"https:\/\/www.radiopresidenteibanez.cl\/web\/autoridades-regionales-explican-ventajas-del-proyecto-de-gobierno-que-flexibiliza-la-jornada-laboral\/\">Leer m\u00e1s<\/a><\/p>\n","protected":false},"author":2,"featured_media":7580,"comment_status":"closed","ping_status":"closed","sticky":false,"template":"","format":"standard","meta":{"footnotes":""},"categories":[1],"tags":[],"class_list":["post-7579","post","type-post","status-publish","format-standard","has-post-thumbnail","hentry","category-cronica"],"_links":{"self":[{"href":"https:\/\/www.radiopresidenteibanez.cl\/web\/wp-json\/wp\/v2\/posts\/7579","targetHints":{"allow":["GET"]}}],"collection":[{"href":"https:\/\/www.radiopresidenteibanez.cl\/web\/wp-json\/wp\/v2\/posts"}],"about":[{"href":"https:\/\/www.radiopresidenteibanez.cl\/web\/wp-json\/wp\/v2\/types\/post"}],"author":[{"embeddable":true,"href":"https:\/\/www.radiopresidenteibanez.cl\/web\/wp-json\/wp\/v2\/users\/2"}],"replies":[{"embeddable":true,"href":"https:\/\/www.radiopresidenteibanez.cl\/web\/wp-json\/wp\/v2\/comments?post=7579"}],"version-history":[{"count":0,"href":"https:\/\/www.radiopresidenteibanez.cl\/web\/wp-json\/wp\/v2\/posts\/7579\/revisions"}],"wp:featuredmedia":[{"embeddable":true,"href":"https:\/\/www.radiopresidenteibanez.cl\/web\/wp-json\/wp\/v2\/media\/7580"}],"wp:attachment":[{"href":"https:\/\/www.radiopresidenteibanez.cl\/web\/wp-json\/wp\/v2\/media?parent=7579"}],"wp:term":[{"taxonomy":"category","embeddable":true,"href":"https:\/\/www.radiopresidenteibanez.cl\/web\/wp-json\/wp\/v2\/categories?post=7579"},{"taxonomy":"post_tag","embeddable":true,"href":"https:\/\/www.radiopresidenteibanez.cl\/web\/wp-json\/wp\/v2\/tags?post=7579"}],"curies":[{"name":"wp","href":"https:\/\/api.w.org\/{rel}","templated":true}]}}