{"id":7576,"date":"2019-10-12T16:42:07","date_gmt":"2019-10-12T16:42:07","guid":{"rendered":"http:\/\/www.radiopresidenteibanez.cl\/web\/?p=7576"},"modified":"2019-10-12T16:42:44","modified_gmt":"2019-10-12T16:42:44","slug":"equipo-de-futsal-varones-de-magallanes-clasifico-a-las-semifinales-de-la-final-nacional-de-los-juegos-deportivos-escolares","status":"publish","type":"post","link":"https:\/\/www.radiopresidenteibanez.cl\/web\/equipo-de-futsal-varones-de-magallanes-clasifico-a-las-semifinales-de-la-final-nacional-de-los-juegos-deportivos-escolares\/","title":{"rendered":"EQUIPO DE FUTSAL VARONES DE MAGALLANES CLASIFIC\u00d3 A LAS SEMIFINALES DE LA FINAL NACIONAL DE LOS JUEGOS DEPORTIVOS ESCOLARES"},"content":{"rendered":"\n<p>Los equipos magall\u00e1nicos de futsal vivieron este viernes una jornada de\ndulce y agraz en la Final Nacional de los Juegos Deportivos Escolares, luego\nque los varones lograran clasificar a semifinales y las damas quedaran en el\ncamino en cuartos de final. <\/p>\n\n\n\n<p>El equipo de hombres, perteneciente al Liceo San Jos\u00e9, sigue firme en su\ncamino a revalidar el t\u00edtulo conseguido en 2018 tras vencer por 4 a 1 a la\nregi\u00f3n de Los R\u00edos, gracias al triplete convertido por Vladimir Buljan y el\ntanto anotado por Sebasti\u00e1n Agurto. <\/p>\n\n\n\n<p>Ahora, tras ganar en cuartos de final, los varones enfrentar\u00e1n en la\nsemifinal a la regi\u00f3n de Tarapac\u00e1, este s\u00e1bado desde las 16:30 horas en el\nCentro Elige Vivir Sano de San Ram\u00f3n.<\/p>\n\n\n\n<p>Las mujeres, en tanto, no podr\u00e1n revalidar el t\u00edtulo del 2018, luego de\ncaer por un ajustado 4 a 3 ante la regi\u00f3n de El Maule. Con esto, las Machichas,\ncomo es conocido el equipo del Colegio Alem\u00e1n que represent\u00f3 a Magallanes en\nlos Juegos Deportivos Escolares, pelear\u00e1 por quedar entre el quinto y octavo\npuesto. <\/p>\n\n\n\n<p>Por su parte, el vol\u00e9ibol, tanto damas como varones, se despidi\u00f3 de la\ncompetencia tras caer este viernes ante la regi\u00f3n de Los Lagos y la\nMetropolitana, respectivamente. Para finalizar la competencia y poniendo fin a\nla actuaci\u00f3n de Magallanes, el judo comenzar\u00e1 este s\u00e1bado su participaci\u00f3n en\nlos Juegos Deportivos Escolares, siendo la \u00faltima disciplina en ver acci\u00f3n.<\/p>\n","protected":false},"excerpt":{"rendered":"<p>Los equipos magall\u00e1nicos de futsal vivieron este viernes una jornada de dulce y agraz en la Final Nacional de los Juegos Deportivos Escolares, luego que los varones lograran clasificar a&#8230; <a class=\"read-more\" href=\"https:\/\/www.radiopresidenteibanez.cl\/web\/equipo-de-futsal-varones-de-magallanes-clasifico-a-las-semifinales-de-la-final-nacional-de-los-juegos-deportivos-escolares\/\">Leer m\u00e1s<\/a><\/p>\n","protected":false},"author":2,"featured_media":7577,"comment_status":"closed","ping_status":"closed","sticky":false,"template":"","format":"standard","meta":{"footnotes":""},"categories":[1],"tags":[],"class_list":["post-7576","post","type-post","status-publish","format-standard","has-post-thumbnail","hentry","category-cronica"],"_links":{"self":[{"href":"https:\/\/www.radiopresidenteibanez.cl\/web\/wp-json\/wp\/v2\/posts\/7576","targetHints":{"allow":["GET"]}}],"collection":[{"href":"https:\/\/www.radiopresidenteibanez.cl\/web\/wp-json\/wp\/v2\/posts"}],"about":[{"href":"https:\/\/www.radiopresidenteibanez.cl\/web\/wp-json\/wp\/v2\/types\/post"}],"author":[{"embeddable":true,"href":"https:\/\/www.radiopresidenteibanez.cl\/web\/wp-json\/wp\/v2\/users\/2"}],"replies":[{"embeddable":true,"href":"https:\/\/www.radiopresidenteibanez.cl\/web\/wp-json\/wp\/v2\/comments?post=7576"}],"version-history":[{"count":0,"href":"https:\/\/www.radiopresidenteibanez.cl\/web\/wp-json\/wp\/v2\/posts\/7576\/revisions"}],"wp:featuredmedia":[{"embeddable":true,"href":"https:\/\/www.radiopresidenteibanez.cl\/web\/wp-json\/wp\/v2\/media\/7577"}],"wp:attachment":[{"href":"https:\/\/www.radiopresidenteibanez.cl\/web\/wp-json\/wp\/v2\/media?parent=7576"}],"wp:term":[{"taxonomy":"category","embeddable":true,"href":"https:\/\/www.radiopresidenteibanez.cl\/web\/wp-json\/wp\/v2\/categories?post=7576"},{"taxonomy":"post_tag","embeddable":true,"href":"https:\/\/www.radiopresidenteibanez.cl\/web\/wp-json\/wp\/v2\/tags?post=7576"}],"curies":[{"name":"wp","href":"https:\/\/api.w.org\/{rel}","templated":true}]}}