{"id":7496,"date":"2019-10-09T19:49:27","date_gmt":"2019-10-09T19:49:27","guid":{"rendered":"http:\/\/www.radiopresidenteibanez.cl\/web\/?p=7496"},"modified":"2019-10-09T19:49:33","modified_gmt":"2019-10-09T19:49:33","slug":"alcalde-radonich-solicito-mantener-dotacion-de-carabineros-en-punta-arenas","status":"publish","type":"post","link":"https:\/\/www.radiopresidenteibanez.cl\/web\/alcalde-radonich-solicito-mantener-dotacion-de-carabineros-en-punta-arenas\/","title":{"rendered":"ALCALDE RADONICH SOLICIT\u00d3 MANTENER DOTACI\u00d3N DE CARABINEROS EN PUNTA ARENAS"},"content":{"rendered":"\n<p>Una de las principales preocupaciones en relaci\u00f3n a la Seguridad Ciudadana del alcalde de Punta Arenas, Claudio Radonich, es la dotaci\u00f3n de Carabineros en la ciudad, ya que esta podr\u00eda verse afectada el pr\u00f3ximo a\u00f1o, raz\u00f3n por la cual solicit\u00f3 una reuni\u00f3n con el Ministro del Interior, Andr\u00e9s Chadwick, para plantearle tal inquietud y evaluar posible decisi\u00f3n.<\/p>\n\n\n\n<p>\u201cSomos una de las ciudades m\u00e1s seguras de Chile, pero hay que distinguir eso con la sensaci\u00f3n de seguridad, y es en ese punto sobre el que queremos trabajar con el Ministerio del Interior, raz\u00f3n por la que me reun\u00ed con el Ministro Chadwick, para solicitar formalmente que la dotaci\u00f3n de Carabineros no se bajara, sino que por el contrario, pudiese aumentar, y adem\u00e1s poder contar con un ret\u00e9n en el lado sur de nuestra ciudad\u201d, fue expuso el alcalde Radonich, luego de la reuni\u00f3n en el Palacio de la Moneda.<\/p>\n\n\n\n<p>Por parte Chadwick, dijo que \u201cel Alcalde me ha hecho mucho hincapi\u00e9 en lo que refiere a la dotaci\u00f3n de Carabineros, por lo que conversar\u00e9 con el Director General de Carabineros (Mario Rozas C\u00f3rdova), para revisar bien la distribuci\u00f3n; para que no tengamos disminuci\u00f3n sino que al rev\u00e9s, vayamos afianzando lo que es la presencia de Carabineros en la zona, ya que para nosotros es fundamental para poder responder a las necesidades de la ciudad de Punta Arenas\u201d.<\/p>\n\n\n\n<p>A esto, el Ministro del Interior y Seguridad P\u00fablica agreg\u00f3 que \u201chemos tenido una muy positiva reuni\u00f3n con el alcalde Claudio Radonich, quien me ha planteado distintas materias y proyectos que se est\u00e1n impulsando desde la Municipalidad, por lo que esperamos poder seguir trabajando en conjunto, para poder mejorar los espacios y barrios de la comuna, todo vinculado a la seguridad ciudadana\u201d.<\/p>\n\n\n\n<p>Finalmente, Radonich a\u00f1adi\u00f3 que \u201ccomo Municipalidad hemos incorporado y mejorado nuestro rol en Seguridad P\u00fablica, con la instalaci\u00f3n de C\u00e1maras de Televigilancia; L\u00ednea de Emergencias 800 800 134; Camioneta de Patrullaje Comunitario, entre otras iniciativas, las que esperamos puedan seguir aumentando gracias al apoyo del Gobierno\u201d.<\/p>\n","protected":false},"excerpt":{"rendered":"<p>Una de las principales preocupaciones en relaci\u00f3n a la Seguridad Ciudadana del alcalde de Punta Arenas, Claudio Radonich, es la dotaci\u00f3n de Carabineros en la ciudad, ya que esta podr\u00eda&#8230; <a class=\"read-more\" href=\"https:\/\/www.radiopresidenteibanez.cl\/web\/alcalde-radonich-solicito-mantener-dotacion-de-carabineros-en-punta-arenas\/\">Leer m\u00e1s<\/a><\/p>\n","protected":false},"author":2,"featured_media":7497,"comment_status":"closed","ping_status":"closed","sticky":false,"template":"","format":"standard","meta":{"footnotes":""},"categories":[1],"tags":[],"class_list":["post-7496","post","type-post","status-publish","format-standard","has-post-thumbnail","hentry","category-cronica"],"_links":{"self":[{"href":"https:\/\/www.radiopresidenteibanez.cl\/web\/wp-json\/wp\/v2\/posts\/7496","targetHints":{"allow":["GET"]}}],"collection":[{"href":"https:\/\/www.radiopresidenteibanez.cl\/web\/wp-json\/wp\/v2\/posts"}],"about":[{"href":"https:\/\/www.radiopresidenteibanez.cl\/web\/wp-json\/wp\/v2\/types\/post"}],"author":[{"embeddable":true,"href":"https:\/\/www.radiopresidenteibanez.cl\/web\/wp-json\/wp\/v2\/users\/2"}],"replies":[{"embeddable":true,"href":"https:\/\/www.radiopresidenteibanez.cl\/web\/wp-json\/wp\/v2\/comments?post=7496"}],"version-history":[{"count":0,"href":"https:\/\/www.radiopresidenteibanez.cl\/web\/wp-json\/wp\/v2\/posts\/7496\/revisions"}],"wp:featuredmedia":[{"embeddable":true,"href":"https:\/\/www.radiopresidenteibanez.cl\/web\/wp-json\/wp\/v2\/media\/7497"}],"wp:attachment":[{"href":"https:\/\/www.radiopresidenteibanez.cl\/web\/wp-json\/wp\/v2\/media?parent=7496"}],"wp:term":[{"taxonomy":"category","embeddable":true,"href":"https:\/\/www.radiopresidenteibanez.cl\/web\/wp-json\/wp\/v2\/categories?post=7496"},{"taxonomy":"post_tag","embeddable":true,"href":"https:\/\/www.radiopresidenteibanez.cl\/web\/wp-json\/wp\/v2\/tags?post=7496"}],"curies":[{"name":"wp","href":"https:\/\/api.w.org\/{rel}","templated":true}]}}