{"id":7484,"date":"2019-10-09T19:06:31","date_gmt":"2019-10-09T19:06:31","guid":{"rendered":"http:\/\/www.radiopresidenteibanez.cl\/web\/?p=7484"},"modified":"2019-10-09T19:06:36","modified_gmt":"2019-10-09T19:06:36","slug":"convenio-de-subsecretarias-de-telecomunicaciones-economia-y-turismo-permitira-conexion-a-red-wifi-chilegob-en-dos-nuevos-puntos-de-la-region-de-magallanes","status":"publish","type":"post","link":"https:\/\/www.radiopresidenteibanez.cl\/web\/convenio-de-subsecretarias-de-telecomunicaciones-economia-y-turismo-permitira-conexion-a-red-wifi-chilegob-en-dos-nuevos-puntos-de-la-region-de-magallanes\/","title":{"rendered":"CONVENIO DE SUBSECRETAR\u00cdAS DE TELECOMUNICACIONES, ECONOM\u00cdA Y TURISMO PERMITIR\u00c1 CONEXI\u00d3N A RED WIFI CHILEGOB EN DOS NUEVOS PUNTOS DE LA REGI\u00d3N DE MAGALLANES"},"content":{"rendered":"\n<p>Dos puntos de alta demanda tur\u00edstica de la Regi\u00f3n de Magallanes contar\u00e1n con conexi\u00f3n gratuita a Internet a trav\u00e9s de la red Wifi ChileGob. Se trata de la Cueva del Milod\u00f3n, en Natales; y el Lago Peho\u00e9, en Torres del Paine.<\/p>\n\n\n\n<p>La iniciativa \u2014que ingresar\u00e1 a etapa de licitaci\u00f3n a fines de este a\u00f1o\u2014 se enmarca en un acuerdo de colaboraci\u00f3n firmado por las subsecretar\u00edas de Telecomunicaciones (Subtel), de Econom\u00eda y Empresas de Menor Tama\u00f1o, y de Turismo, con el objetivo de desarrollar proyectos de conectividad digital que beneficien a distintas localidades del pa\u00eds.<\/p>\n\n\n\n<p>En ese marco, la Subsecretar\u00eda de Turismo solicit\u00f3 a Subtel la conexi\u00f3n digital a la red p\u00fablica de Wifi de 25 puntos tur\u00edsticos a lo largo de todo el pa\u00eds, ubicados en las regiones de Arica y Parinacota, Tarapac\u00e1, Coquimbo, La Araucan\u00eda, Ays\u00e9n y Magallanes.<\/p>\n\n\n\n<p>&nbsp;<strong>Detalles del convenio<\/strong><\/p>\n\n\n\n<p>El convenio establecido por los tres organismos establece que las partes se prestar\u00e1n apoyo en el intercambio&nbsp;de informaci\u00f3n territorial, as\u00ed como tambi\u00e9n en lo que respecta a la orientaci\u00f3n en el desarrollo de proyectos, con especial foco en lo que refiere a las pymes nacionales y los polos de desarrollo tur\u00edstico.<\/p>\n\n\n\n<p>De esta manera, Subtel se encargar\u00e1 de proveer la informaci\u00f3n necesaria en cuanto a niveles de conectividad de los lugares y centros tur\u00edsticos que se impulsen a trav\u00e9s de este in\u00e9dito acuerdo gubernamental.<\/p>\n\n\n\n<p>Por su parte, la Subsecretar\u00eda de Econom\u00eda se compromete a entregar peri\u00f3dicamente informaci\u00f3n actualizada relativa a la ubicaci\u00f3n y caracterizaci\u00f3n de las pymes del pa\u00eds, adem\u00e1s de coordinar el trabajo de colaboraci\u00f3n entre los organismos p\u00fablicos y\/o privados, pertenecientes a \u201cDigitaliza Turismo\u201d del Programa Digitaliza tu pyme.<\/p>\n\n\n\n<p>A su vez, la Subsecretar\u00eda de Turismo pondr\u00e1 a disposici\u00f3n informaci\u00f3n georeferenciada asociada a sectores, localidades y comunas tur\u00edsticas a considerar en los proyectos y participar\u00e1 \u2014junto a ambas subsecretar\u00edas\u2014 del proceso de determinaci\u00f3n y priorizaci\u00f3n de nuevas zonas en las que se implementar\u00e1 el proyecto&nbsp;<em>Iluminemos Chile 2025<\/em>, iniciativa que busca desarrollar una red de alta velocidad de fibra \u00f3ptica en distintas comunas del pa\u00eds y dotar de WiFi abierto a espacios p\u00fablicos.<\/p>\n\n\n\n<p>Para la Subsecretaria de Telecomunicaciones, Pamela Gidi, se trata de un acuerdo relevante que permite que \u201clos beneficios de la conectividad lleguen a la gente y que estos, a su vez, est\u00e9n completamente vinculados al desarrollo de nuestra econom\u00eda digital para que, entre otras cosas, haya un mayor dinamismo comercial en torno al turismo nacional\u201d.<\/p>\n\n\n\n<p>Por su parte, el Subsecretario de Econom\u00eda y Empresas de Menor Tama\u00f1o, Ignacio Guerrero, afirm\u00f3 que \u201clas pymes son el motor de Chile, por lo que estamos comprometidos con hacer su camino de crecimiento m\u00e1s f\u00e1cil, siendo la digitalizaci\u00f3n un aliado para lograrlo. Estamos convencidos que este convenio contribuir\u00e1 a la mejora de los negocios del sector del turismo, rubro sumamente importante para todas las regiones del pa\u00eds\u201d.<\/p>\n\n\n\n<p>En tanto, la Subsecretaria de Turismo,&nbsp;M\u00f3nica Zalaquett,&nbsp;sostuvo que \u201cen la actualidad la ruta de los turistas empieza y termina en sus dispositivos m\u00f3viles, por lo que resulta vital para la competitividad del sector que los emprendedores nacionales abracen la digitalizaci\u00f3n. Como gobierno hemos venido trabajando fuertemente en ese sentido, generando mejoras en la conectividad digital y entregando herramientas a nuestros emprendedores para subirse al carro digital\u201d.&nbsp;<br><\/p>\n","protected":false},"excerpt":{"rendered":"<p>Dos puntos de alta demanda tur\u00edstica de la Regi\u00f3n de Magallanes contar\u00e1n con conexi\u00f3n gratuita a Internet a trav\u00e9s de la red Wifi ChileGob. Se trata de la Cueva del&#8230; <a class=\"read-more\" href=\"https:\/\/www.radiopresidenteibanez.cl\/web\/convenio-de-subsecretarias-de-telecomunicaciones-economia-y-turismo-permitira-conexion-a-red-wifi-chilegob-en-dos-nuevos-puntos-de-la-region-de-magallanes\/\">Leer m\u00e1s<\/a><\/p>\n","protected":false},"author":2,"featured_media":7485,"comment_status":"closed","ping_status":"closed","sticky":false,"template":"","format":"standard","meta":{"footnotes":""},"categories":[1],"tags":[],"class_list":["post-7484","post","type-post","status-publish","format-standard","has-post-thumbnail","hentry","category-cronica"],"_links":{"self":[{"href":"https:\/\/www.radiopresidenteibanez.cl\/web\/wp-json\/wp\/v2\/posts\/7484","targetHints":{"allow":["GET"]}}],"collection":[{"href":"https:\/\/www.radiopresidenteibanez.cl\/web\/wp-json\/wp\/v2\/posts"}],"about":[{"href":"https:\/\/www.radiopresidenteibanez.cl\/web\/wp-json\/wp\/v2\/types\/post"}],"author":[{"embeddable":true,"href":"https:\/\/www.radiopresidenteibanez.cl\/web\/wp-json\/wp\/v2\/users\/2"}],"replies":[{"embeddable":true,"href":"https:\/\/www.radiopresidenteibanez.cl\/web\/wp-json\/wp\/v2\/comments?post=7484"}],"version-history":[{"count":0,"href":"https:\/\/www.radiopresidenteibanez.cl\/web\/wp-json\/wp\/v2\/posts\/7484\/revisions"}],"wp:featuredmedia":[{"embeddable":true,"href":"https:\/\/www.radiopresidenteibanez.cl\/web\/wp-json\/wp\/v2\/media\/7485"}],"wp:attachment":[{"href":"https:\/\/www.radiopresidenteibanez.cl\/web\/wp-json\/wp\/v2\/media?parent=7484"}],"wp:term":[{"taxonomy":"category","embeddable":true,"href":"https:\/\/www.radiopresidenteibanez.cl\/web\/wp-json\/wp\/v2\/categories?post=7484"},{"taxonomy":"post_tag","embeddable":true,"href":"https:\/\/www.radiopresidenteibanez.cl\/web\/wp-json\/wp\/v2\/tags?post=7484"}],"curies":[{"name":"wp","href":"https:\/\/api.w.org\/{rel}","templated":true}]}}